{"id":116095,"date":"2021-05-03T17:09:39","date_gmt":"2021-05-03T21:09:39","guid":{"rendered":"https:\/\/linitiative.ca\/International\/sensibilisation-des-enfants-a-besoins-specifiques-a-la-securite-routiere\/"},"modified":"2021-05-03T17:09:39","modified_gmt":"2021-05-03T21:09:39","slug":"sensibilisation-des-enfants-a-besoins-specifiques-a-la-securite-routiere","status":"publish","type":"post","link":"https:\/\/linitiative.ca\/International\/sensibilisation-des-enfants-a-besoins-specifiques-a-la-securite-routiere\/","title":{"rendered":"Sensibilisation des enfants \u00e0 besoins sp\u00e9cifiques \u00e0 la s\u00e9curit\u00e9 routi\u00e8re"},"content":{"rendered":"<p class=\"c4\">Le centre Annasr de l\u2019enfant en situation de handicap \u00e0 Oujda a accueilli, lundi, une manifestation \u00e9ducative visant \u00e0 sensibiliser les enfants \u00e0 besoins sp\u00e9cifiques au code de la route et aux r\u00e8gles et comportements de la s\u00e9curit\u00e9 routi\u00e8re<\/p>\n<p class=\"c4\">Organis\u00e9 par NARSA-Agence r\u00e9gionale de l\u2019Oriental, cet \u00e9v\u00e8nement s\u2019inscrit dans le cadre de la mise en \u0153uvre de la strat\u00e9gie nationale de s\u00e9curit\u00e9 routi\u00e8re 2017-2026 au niveau de la r\u00e9gion de l\u2019Oriental.<\/p>\n<p class=\"c4\">Cette initiative a port\u00e9 notamment sur des ateliers \u00e9ducatifs sur les r\u00e8gles de la circulation routi\u00e8re et la signalisation routi\u00e8re, ainsi que des activit\u00e9s artistiques permettant de sensibiliser et d\u2019\u00e9duquer de mani\u00e8re ludique sur l\u2019importance de respecter ces r\u00e8gles pour pr\u00e9server la s\u00e9curit\u00e9 sur les routes.<\/p>\n<p class=\"c4\">Dans une d\u00e9claration \u00e0 la MAP, Fatima Zahra El Hadef, cheffe du service de coordination, de suivi et de mise en \u0153uvre de la strat\u00e9gie r\u00e9gionale de s\u00e9curit\u00e9 routi\u00e8re de l\u2019Oriental, a indiqu\u00e9 que cet \u00e9v\u00e8nement fait partie du plan d\u2019action de NARSA-Agence r\u00e9gionale de l\u2019Oriental en vue de mettre en \u0153uvre la strat\u00e9gie nationale de s\u00e9curit\u00e9 routi\u00e8re, qui a fix\u00e9 parmi ses principales cibles les enfants de moins de 14 ans, une cat\u00e9gorie qui repr\u00e9sente 10 pc des victimes mortelles des accidents de la route, selon les statistiques de 2015.<\/p>\n<p class=\"c4\">Cette journ\u00e9e est d\u00e9di\u00e9e aux enfants \u00e0 besoins sp\u00e9cifiques qui doivent \u00eatre sensibilis\u00e9s et \u00e9duqu\u00e9s \u00e0 la s\u00e9curit\u00e9 routi\u00e8re au m\u00eame titre que l\u2019ensemble des citoyens, a-t-elle ajout\u00e9, notant que le programme de cette initiative comprend des activit\u00e9s ludiques et des concours qui permettent aux enfants b\u00e9n\u00e9ficiaires de mieux appr\u00e9hender cette th\u00e9matique.<\/p>\n<p class=\"c4\">De son c\u00f4t\u00e9, Mostafa A\u00e2rab, pr\u00e9sident de l\u2019association Al Wafae de l\u2019enfant handicap\u00e9, qui g\u00e8re le centre Annasr, a salu\u00e9 cette initiative qui contribue \u00e0 la promotion de la s\u00e9curit\u00e9 routi\u00e8re aupr\u00e8s d\u2019une cat\u00e9gorie aux besoins sp\u00e9cifiques, notant que les enfants b\u00e9n\u00e9ficiaires ont fait montre d\u2019un haut niveau d\u2019interaction avec le contenu p\u00e9dagogique de cet \u00e9v\u00e8nement, ce qui permet de les conscientiser au sujet des r\u00e8gles et des bons comportements sur la route.<\/p>\n<p class=\"c4\">Cette journ\u00e9e \u00e9ducative a \u00e9t\u00e9 organis\u00e9e en collaboration avec la Fondation Boustane Al Anachid de Rabat, l\u2019Association Bachair El Kheir sociale, culturelle et sportive d\u2019Oujda et le Syndicat marocain du th\u00e9\u00e2tre et des travailleurs du cin\u00e9ma et de la t\u00e9l\u00e9vision-Section provinciale d\u2019Oujda.<\/p>\n<p>Auteur: Soufiane ELAHMAR<br \/>\n<a href=\"http:\/\/www.mapoujda.ma\/fr\/sensibilisation-des-enfants-a-besoins-specifiques-a-la-securite-routiere\/\">Cliquez ici pour lire l&rsquo;article depuis sa source.<\/a><\/p>\n","protected":false},"excerpt":{"rendered":"<p>Le centre Annasr de l\u2019enfant en situation de handicap \u00e0 Oujda a accueilli, lundi, une manifestation \u00e9ducative visant \u00e0 sensibiliser les enfants \u00e0 besoins sp\u00e9cifiques au code de la route et aux r\u00e8gles et comportements de la s\u00e9curit\u00e9 routi\u00e8re Organis\u00e9 par NARSA-Agence r\u00e9gionale de l\u2019Oriental, cet \u00e9v\u00e8nement s\u2019inscrit dans le cadre de la mise en [&hellip;]<\/p>\n","protected":false},"author":1788,"featured_media":0,"comment_status":"closed","ping_status":"closed","sticky":false,"template":"","format":"standard","meta":{"fifu_image_url":"","fifu_image_alt":"","footnotes":""},"categories":[54,76],"tags":[],"class_list":["post-116095","post","type-post","status-publish","format-standard","hentry","category-maroc","category-regions"],"_links":{"self":[{"href":"https:\/\/linitiative.ca\/International\/wp-json\/wp\/v2\/posts\/116095","targetHints":{"allow":["GET"]}}],"collection":[{"href":"https:\/\/linitiative.ca\/International\/wp-json\/wp\/v2\/posts"}],"about":[{"href":"https:\/\/linitiative.ca\/International\/wp-json\/wp\/v2\/types\/post"}],"author":[{"embeddable":true,"href":"https:\/\/linitiative.ca\/International\/wp-json\/wp\/v2\/users\/1788"}],"replies":[{"embeddable":true,"href":"https:\/\/linitiative.ca\/International\/wp-json\/wp\/v2\/comments?post=116095"}],"version-history":[{"count":0,"href":"https:\/\/linitiative.ca\/International\/wp-json\/wp\/v2\/posts\/116095\/revisions"}],"wp:attachment":[{"href":"https:\/\/linitiative.ca\/International\/wp-json\/wp\/v2\/media?parent=116095"}],"wp:term":[{"taxonomy":"category","embeddable":true,"href":"https:\/\/linitiative.ca\/International\/wp-json\/wp\/v2\/categories?post=116095"},{"taxonomy":"post_tag","embeddable":true,"href":"https:\/\/linitiative.ca\/International\/wp-json\/wp\/v2\/tags?post=116095"}],"curies":[{"name":"wp","href":"https:\/\/api.w.org\/{rel}","templated":true}]}}