{"id":116097,"date":"2021-05-04T07:22:12","date_gmt":"2021-05-04T11:22:12","guid":{"rendered":"https:\/\/linitiative.ca\/International\/euro-2021-luefa-autorise-une-liste-de-26-joueurs\/"},"modified":"2021-05-04T07:22:12","modified_gmt":"2021-05-04T11:22:12","slug":"euro-2021-luefa-autorise-une-liste-de-26-joueurs","status":"publish","type":"post","link":"https:\/\/linitiative.ca\/International\/euro-2021-luefa-autorise-une-liste-de-26-joueurs\/","title":{"rendered":"Euro 2021: L\u2019UEFA autorise une liste de 26 joueurs"},"content":{"rendered":"<p class=\"rtejustify\">L\u2019UEFA a annonc\u00e9, ce mardi, que les \u00e9quipes disputant le prochain Euro (11 juin-11 juillet) sont autoris\u00e9es pour la premi\u00e8re fois \u00e0 convoquer 26 joueurs au lieu de 23 habituellement, pour faire face aux risques de contamination au Covid-19 et de quarantaine.<\/p>\n<p class=\"rtejustify\">L\u2019instance dirigeante du football europ\u00e9en pr\u00e9cise toutefois que 23 joueurs devront figurer sur la feuille de match \u00ab\u00a0pour chaque rencontre\u00a0\u00bb, les s\u00e9lectionneurs pouvant ajuster cette liste au fil du tournoi gr\u00e2ce aux trois joueurs suppl\u00e9mentaires. A noter que les s\u00e9lectionneurs devront envoyer leur liste \u00e0 l\u2019UEFA au plus tard le 1er juin.<\/p>\n<p class=\"rtejustify\">Entre cette date et leur premier match, ils pourront librement remplacer un joueur en cas de \u00ab\u00a0blessure ou de maladie s\u00e9rieuses\u00a0\u00bb, attest\u00e9es m\u00e9dicalement.<\/p>\n<p class=\"rtejustify\">\u00a0<\/p>\n<p>Auteur: mbasraoui<br \/>\n<a href=\"https:\/\/www.leconomiste.com\/flash-infos\/euro-2021-l-uefa-autorise-une-liste-de-26-joueurs\">Cliquez ici pour lire l&rsquo;article depuis sa source.<\/a><\/p>\n","protected":false},"excerpt":{"rendered":"<p>L\u2019UEFA a annonc\u00e9, ce mardi, que les \u00e9quipes disputant le prochain Euro (11 juin-11 juillet) sont autoris\u00e9es pour la premi\u00e8re fois \u00e0 convoquer 26 joueurs au lieu de 23 habituellement, pour faire face aux risques de contamination au Covid-19 et de quarantaine. L\u2019instance dirigeante du football europ\u00e9en pr\u00e9cise toutefois que 23 joueurs devront figurer sur [&hellip;]<\/p>\n","protected":false},"author":1763,"featured_media":0,"comment_status":"closed","ping_status":"closed","sticky":false,"template":"","format":"standard","meta":{"fifu_image_url":"","fifu_image_alt":"","footnotes":""},"categories":[78,54],"tags":[],"class_list":["post-116097","post","type-post","status-publish","format-standard","hentry","category-economie","category-maroc"],"_links":{"self":[{"href":"https:\/\/linitiative.ca\/International\/wp-json\/wp\/v2\/posts\/116097","targetHints":{"allow":["GET"]}}],"collection":[{"href":"https:\/\/linitiative.ca\/International\/wp-json\/wp\/v2\/posts"}],"about":[{"href":"https:\/\/linitiative.ca\/International\/wp-json\/wp\/v2\/types\/post"}],"author":[{"embeddable":true,"href":"https:\/\/linitiative.ca\/International\/wp-json\/wp\/v2\/users\/1763"}],"replies":[{"embeddable":true,"href":"https:\/\/linitiative.ca\/International\/wp-json\/wp\/v2\/comments?post=116097"}],"version-history":[{"count":0,"href":"https:\/\/linitiative.ca\/International\/wp-json\/wp\/v2\/posts\/116097\/revisions"}],"wp:attachment":[{"href":"https:\/\/linitiative.ca\/International\/wp-json\/wp\/v2\/media?parent=116097"}],"wp:term":[{"taxonomy":"category","embeddable":true,"href":"https:\/\/linitiative.ca\/International\/wp-json\/wp\/v2\/categories?post=116097"},{"taxonomy":"post_tag","embeddable":true,"href":"https:\/\/linitiative.ca\/International\/wp-json\/wp\/v2\/tags?post=116097"}],"curies":[{"name":"wp","href":"https:\/\/api.w.org\/{rel}","templated":true}]}}