{"id":116103,"date":"2021-05-03T19:49:03","date_gmt":"2021-05-03T23:49:03","guid":{"rendered":"https:\/\/linitiative.ca\/International\/deces-de-bechir-ben-yamed-une-plume-sest-brisee\/"},"modified":"2021-05-03T19:49:03","modified_gmt":"2021-05-03T23:49:03","slug":"deces-de-bechir-ben-yamed-une-plume-sest-brisee","status":"publish","type":"post","link":"https:\/\/linitiative.ca\/International\/deces-de-bechir-ben-yamed-une-plume-sest-brisee\/","title":{"rendered":"D\u00e9c\u00e8s de B\u00e9chir Ben Yamed : Une plume s\u2019est bris\u00e9e !"},"content":{"rendered":"<div class=\"td-post-featured-image\"><a href=\"https:\/\/www.sidwaya.info\/wp-content\/uploads\/2021\/05\/bechir.jpg\" data-caption=\"\"><img loading=\"lazy\" decoding=\"async\" width=\"696\" height=\"416\" class=\"entry-thumb td-modal-image\" src=\"https:\/\/www.sidwaya.info\/wp-content\/uploads\/2021\/05\/bechir-696x416.jpg\" srcset=\"https:\/\/www.sidwaya.info\/wp-content\/uploads\/2021\/05\/bechir-696x416.jpg 696w, https:\/\/www.sidwaya.info\/wp-content\/uploads\/2021\/05\/bechir-300x179.jpg 300w, https:\/\/www.sidwaya.info\/wp-content\/uploads\/2021\/05\/bechir-150x90.jpg 150w, https:\/\/www.sidwaya.info\/wp-content\/uploads\/2021\/05\/bechir-703x420.jpg 703w, https:\/\/www.sidwaya.info\/wp-content\/uploads\/2021\/05\/bechir.jpg 740w\" sizes=\"auto, (max-width: 696px) 100vw, 696px\" alt=\"\" title=\"bechir\"\/><\/a><\/div>\n<p>B\u00e9chir Ben Yahmed (BBY), le fondateur de l\u2019hebdomadaire Jeune Afrique est mort, hier lundi 3 mai \u00e0 93 ans \u00e0 Paris, des suites du coronavirus. BBY, cette signature, bien d\u2019Africains l\u2019ont connue dans les ann\u00e9es des partis uniques, o\u00f9 l\u2019information \u00ab contradictoire \u00bb ne pouvait se lire que dans cet hebdomadaire panafricain, qui avait choisi la capitale fran\u00e7aise pour \u00e9tablir son si\u00e8ge. B\u00e9chir Ben Yamed, qui dans les ann\u00e9es des ind\u00e9pendances, avait eu le nez creux pour porter sur les fonts baptismaux un hebdomadaire dirig\u00e9 par un africain pour l\u2019Afrique, restera au gouvernail de sa cr\u00e9ation jusque dans les ann\u00e9es 2000.<\/p>\n<p>Ce 3 mai, alors que le monde faisait le point de la libert\u00e9 de la presse, lui, il a tir\u00e9 sa r\u00e9v\u00e9rence, comme s\u2019il invitait les journalistes d\u00e9sormais \u00e0 ne pas l\u2019oublier, quand ils dresseront chaque ann\u00e9e \u00e0 cette date, le classement des pays en rapport avec la libert\u00e9 de presse et particuli\u00e8rement, les Africains \u00e0 faire le bilan sur sa contribution \u00e0 l\u2019\u00e9mergence de la presse dans nos pays. BBY, on l\u2019aimait ou pas selon qu\u2019on se voulait \u00ab progressiste \u00bb ou \u00ab mod\u00e9r\u00e9\u00bb.<\/p>\n<p>D\u2019ailleurs, par apr\u00e8s, \u00ab les progressistes\u00bb qui ne partageaient pas sa ligne avaient pu faire \u00e9merger un concurrent, Afrique-Asie, pour dire leur part de v\u00e9rit\u00e9. Jeune Afrique a connu des mutations, puisqu\u2019au d\u00e9part, en 1956, il lan\u00e7ait l\u2019hebdomadaire L\u2019Action, puis, en 1960 Afrique Action qui en 1961 allait devenir Jeune Afrique. Par ces diff\u00e9rents titres, il est ais\u00e9 de comprendre le combat de celui qui a pr\u00e9f\u00e9r\u00e9 le journalisme \u00e0 un poste minist\u00e9riel. En effet, Fond\u00e9 pour accompagner le mouvement d\u2019\u00e9mancipation des peuples qui, \u00e0 l\u2019or\u00e9e des ann\u00e9es 1960, acc\u00e8dent \u00e0 l\u2019ind\u00e9pendance, Jeune Afrique a pris une part active dans tous les combats qui ont depuis rythm\u00e9 l\u2019histoire du continent : contre les partis uniques et pour la d\u00e9mocratisation, dans les ann\u00e9es 1970-1980, pour l\u2019ind\u00e9pendance \u00e9conomique, dans les ann\u00e9es 1990-2000 et pour l\u2019inclusion de l\u2019Afrique dans la mondialisation, dans les ann\u00e9es 2000-2020.<\/p>\n<p>La mort de ce Tunisien qui a connu la quasi-totalit\u00e9 des pr\u00e9sidents africains des ann\u00e9es 1960 jusqu\u2019\u00e0 r\u00e9cemment, se voyaient le privil\u00e8ge de les recevoir. Il les a tous interview\u00e9s, a toujours su \u00e9viter les collusions. Il y avait avec lui, les relations personnelles, qui interf\u00e9raient rarement dans le business. En cela, le journal avait eu souvent l\u2019intelligence de proposer des publi-reportages afin de pouvoir poser un regard \u00ab positif \u00bb dans la gouvernance scrabbleuse de nos princes. Tr\u00e8s fut\u00e9, BBY a eu l\u2019intelligence de pr\u00e9parer sa \u00ab succession \u00bb si bien que m\u00eame \u00e9loign\u00e9 de son canard, ses fils avaient depuis pu le suppl\u00e9er en s\u2019accaparant son carnet d\u2019adresses et en maintenant leurs entr\u00e9es dans les palais pr\u00e9sidentiels. Jeune Afrique a gard\u00e9 sa ligne, mais avait perdu de ses \u00ab scoop \u00bb avec l\u2019\u00e8re du multipartisme en Afrique.<\/p>\n<p>Hier ce que le journal avait comme info primeure se retrouvait dans les colonnes des journaux sur le continent. Il fallait donc redoubler d\u2019ing\u00e9niosit\u00e9 pour survivre. L\u2019a-t-il r\u00e9ussi ? Oui ! Les successeurs pourront-ils le maintenir ? La lutte sera \u00e2pre. La presse libre, en tous les cas, pleure un pr\u00e9curseur, la jeune g\u00e9n\u00e9ration de journalistes, un homme dont elle ne sait pas forc\u00e9ment grand-chose, mais au moins, qu\u2019il a \u00e9t\u00e9 le patron de jeune Afrique. Lui-m\u00eame comme pour se d\u00e9couvrir davantage disait en 2010, pour reprendre une des rubriques de Jeune Afrique, qu\u2019il confiait le journal \u00e0 la post\u00e9rit\u00e9 et r\u00e9v\u00e9lait qu\u2019il a cr\u00e9\u00e9 sa<br \/>\u00ab chose \u00bb avec moins de dix mille francs, en 1960, dans les ann\u00e9es d\u2019ind\u00e9pendance. C\u2019est bien une plume qui s\u2019est bris\u00e9e, sans que l\u2019encre ne s\u00e8che.<\/p>\n<p class=\"c1\"><strong>\u00a0Jean-Philippe TOUGOUMA<\/strong><\/p>\n<div class=\"td-a-rec td-a-rec-id-content_bottom tdi_33_9a1 td_block_template_1\">\n<p><img loading=\"lazy\" decoding=\"async\" class=\"aligncenter size-full wp-image-27454\" src=\"https:\/\/www.sidwaya.info\/wp-content\/uploads\/2020\/10\/PUB-Bandeau-paiement-mobile-siteweb.jpg\" alt=\"\" width=\"728\" height=\"90\"\/><\/div>\n<p>Auteur: JK. Sidwaya<br \/>\n<a href=\"https:\/\/www.sidwaya.info\/blog\/2021\/05\/03\/deces-de-bechir-ben-yamed-une-plume-sest-brisee\/\">Cliquez ici pour lire l&rsquo;article depuis sa source.<\/a><\/p>\n","protected":false},"excerpt":{"rendered":"<p>B\u00e9chir Ben Yahmed (BBY), le fondateur de l\u2019hebdomadaire Jeune Afrique est mort, hier lundi 3 mai \u00e0 93 ans \u00e0 Paris, des suites du coronavirus. BBY, cette signature, bien d\u2019Africains l\u2019ont connue dans les ann\u00e9es des partis uniques, o\u00f9 l\u2019information \u00ab contradictoire \u00bb ne pouvait se lire que dans cet hebdomadaire panafricain, qui avait choisi [&hellip;]<\/p>\n","protected":false},"author":1816,"featured_media":0,"comment_status":"closed","ping_status":"closed","sticky":false,"template":"","format":"standard","meta":{"fifu_image_url":"https:\/\/www.sidwaya.info\/wp-content\/uploads\/2021\/05\/bechir-696x416.jpg","fifu_image_alt":"D\u00e9c\u00e8s de B\u00e9chir Ben Yamed : Une plume s\u2019est bris\u00e9e !","footnotes":""},"categories":[73,81],"tags":[],"class_list":["post-116103","post","type-post","status-publish","format-standard","hentry","category-actualite","category-burkina-faso"],"_links":{"self":[{"href":"https:\/\/linitiative.ca\/International\/wp-json\/wp\/v2\/posts\/116103","targetHints":{"allow":["GET"]}}],"collection":[{"href":"https:\/\/linitiative.ca\/International\/wp-json\/wp\/v2\/posts"}],"about":[{"href":"https:\/\/linitiative.ca\/International\/wp-json\/wp\/v2\/types\/post"}],"author":[{"embeddable":true,"href":"https:\/\/linitiative.ca\/International\/wp-json\/wp\/v2\/users\/1816"}],"replies":[{"embeddable":true,"href":"https:\/\/linitiative.ca\/International\/wp-json\/wp\/v2\/comments?post=116103"}],"version-history":[{"count":0,"href":"https:\/\/linitiative.ca\/International\/wp-json\/wp\/v2\/posts\/116103\/revisions"}],"wp:attachment":[{"href":"https:\/\/linitiative.ca\/International\/wp-json\/wp\/v2\/media?parent=116103"}],"wp:term":[{"taxonomy":"category","embeddable":true,"href":"https:\/\/linitiative.ca\/International\/wp-json\/wp\/v2\/categories?post=116103"},{"taxonomy":"post_tag","embeddable":true,"href":"https:\/\/linitiative.ca\/International\/wp-json\/wp\/v2\/tags?post=116103"}],"curies":[{"name":"wp","href":"https:\/\/api.w.org\/{rel}","templated":true}]}}