{"id":116106,"date":"2021-05-04T09:04:00","date_gmt":"2021-05-04T13:04:00","guid":{"rendered":"https:\/\/linitiative.ca\/International\/tunisie-vers-la-vaccination-des-citoyens-dans-les-pharmacies\/"},"modified":"2021-05-04T09:04:00","modified_gmt":"2021-05-04T13:04:00","slug":"tunisie-vers-la-vaccination-des-citoyens-dans-les-pharmacies","status":"publish","type":"post","link":"https:\/\/linitiative.ca\/International\/tunisie-vers-la-vaccination-des-citoyens-dans-les-pharmacies\/","title":{"rendered":"Tunisie: Vers la vaccination des citoyens dans les pharmacies"},"content":{"rendered":"<div class=\"post-cont-in left relative\">\n<div id=\"post-info-wrap\" class=\"left relative post-info-out\">\n<div class=\"post-info-img left relative\"><img decoding=\"async\" alt=\"\" src=\"https:\/\/secure.gravatar.com\/avatar\/e2104f4ee714373669b2ec262b153d36?s=50&amp;d=mm&amp;r=g\" srcset=\"https:\/\/secure.gravatar.com\/avatar\/e2104f4ee714373669b2ec262b153d36?s=100&amp;d=mm&amp;r=g 2x\" class=\"avatar avatar-50 photo\" height=\"50\" width=\"50\" loading=\"lazy\"\/><\/div>\n<div class=\"post-info-in\">\n<div class=\"post-info-right left relative post-info-name left relative\"><span><span class=\"post-info-text\">Par<\/span> <span class=\"author-name vcard fn author\"><a href=\"https:\/\/www.tunisienumerique.com\/author\/chahrazed-chamsi\/\" title=\"Articles par chahrazed chamsi\" rel=\"author\">chahrazed chamsi<\/a><\/span><\/span> <span class=\"post-date updated\"><time class=\"post-date updated\" datetime=\"2021-05-04\">\u00a0| Il y a 8 secondes<\/time><\/span><br \/>\n<meta itemprop=\"dateModified\" content=\"2021-05-04\"\/><\/div>\n<div class=\"left relative\"><button id=\"listenButton1\" class=\"responsivevoice-button\" type=\"button\" value=\"Play\" title=\"\u00c9coutez l'article\"><span>\ud83d\udd0a \u00c9coutez l&rsquo;article<\/span><\/button>\n<\/div>\n<\/div>\n<\/div>\n<p>Le secr\u00e9taire g\u00e9n\u00e9ral du <strong>syndicat tunisiens des propri\u00e9taires de pharmacies priv\u00e9es<\/strong>, Naoufel Amira a d\u00e9clar\u00e9 aujourd\u2019hui lors d\u2019une intervention \u00e0 la radio que <strong>permettre aux pharmacies de participer \u00e0 la campagne de vaccination<\/strong> acc\u00e9l\u00e9rera le processus.<\/p>\n<div class=\"code-block code-block-1 c4\">\n <ins class=\"adsbygoogle c3\" data-ad-layout=\"in-article\" data-ad-format=\"fluid\" data-ad-client=\"ca-pub-2102118777505746\" data-ad-slot=\"7301775417\"\/>\n<\/div>\n<p>Naoufel Amira a \u00e9galement fait savoir que les vaccins AstraZeneca et Johnson &amp; Johnson peuvent \u00eatre conserv\u00e9s et administr\u00e9s dans les pharmacies contrairement \u00e0 Pfizer qui doit \u00eatre plac\u00e9 \u00e0 tr\u00e8s basse temp\u00e9rature.<\/p>\n<p>Amira a appel\u00e9 les autorit\u00e9s de tutelle \u00e0 inclure les pharmaciens dans le processus de vaccination ainsi que sur la plateforme Evax soulignant l\u2019importance d\u2019un acc\u00e8s gratuit aux vaccins.<\/p>\n<div class=\"swp_social_panel swp_horizontal_panel swp_flat_fresh swp_default_full_color swp_individual_full_color swp_other_full_color scale-100 scale-\" data-min-width=\"1100\" data-float-color=\"#ffffff\" data-float=\"bottom\" data-float-mobile=\"bottom\" data-transition=\"slide\">\n<div class=\"nc_tweetContainer swp_share_button total_shares total_sharesalt\"><span class=\"swp_count\">0 <span class=\"swp_label\">Partages<\/span><\/span><\/div>\n<\/div>\n<p><strong>Que se passe-t-il en Tunisie?<\/strong><br \/>Nous expliquons sur notre <a href=\"https:\/\/www.youtube.com\/channel\/UCRzypVq0B_yBad5eGrwBx0Q?sub_confirmation=1\" target=\"_blank\" rel=\"noopener\">cha\u00eene YouTube<\/a> . <a href=\"https:\/\/www.youtube.com\/channel\/UCRzypVq0B_yBad5eGrwBx0Q?sub_confirmation=1\" target=\"_blank\" rel=\"noopener\">Abonnez-vous!<\/a><\/p>\n<div class=\"mvp-org-wrap\" itemprop=\"publisher\">\n<div class=\"mvp-org-logo\" itemprop=\"logo\"><img decoding=\"async\" src=\"https:\/\/www.tunisienumerique.com\/wp-content\/uploads\/2017\/02\/logo_tunisie_numerique.png\"\/><br \/>\n<meta itemprop=\"url\" content=\"https:\/\/www.tunisienumerique.com\/wp-content\/uploads\/2017\/02\/logo_tunisie_numerique.png\"\/><\/div>\n<p><meta content=\"Tunisie\"\/><\/div>\n<div class=\"mvp-related-posts left relative\">\n<h4 class=\"post-header\"><span class=\"post-header\">Lire aussi<\/span><\/h4>\n<\/div>\n<div id=\"article-ad\">\n <ins class=\"adsbygoogle c5\" data-ad-client=\"ca-pub-2102118777505746\" data-ad-slot=\"6513972734\" data-ad-format=\"auto\" data-full-width-responsive=\"true\"\/>\n<\/div>\n<\/div>\n<div id=\"post-sidebar-wrap\">\n <ins class=\"adsbygoogle c5\" data-ad-client=\"ca-pub-2102118777505746\" data-ad-slot=\"6168283410\" data-ad-format=\"auto\" data-full-width-responsive=\"true\"\/>\n<\/div>\n<p>Auteur: chahrazed chamsi<br \/>\n<a href=\"https:\/\/www.tunisienumerique.com\/tunisie-vers-la-vaccination-des-citoyens-dans-les-pharmacies\/\">Cliquez ici pour lire l&rsquo;article depuis sa source.<\/a><\/p>\n","protected":false},"excerpt":{"rendered":"<p>Par chahrazed chamsi \u00a0| Il y a 8 secondes \ud83d\udd0a \u00c9coutez l&rsquo;article Le secr\u00e9taire g\u00e9n\u00e9ral du syndicat tunisiens des propri\u00e9taires de pharmacies priv\u00e9es, Naoufel Amira a d\u00e9clar\u00e9 aujourd\u2019hui lors d\u2019une intervention \u00e0 la radio que permettre aux pharmacies de participer \u00e0 la campagne de vaccination acc\u00e9l\u00e9rera le processus. Naoufel Amira a \u00e9galement fait savoir que [&hellip;]<\/p>\n","protected":false},"author":1789,"featured_media":0,"comment_status":"closed","ping_status":"closed","sticky":false,"template":"","format":"standard","meta":{"fifu_image_url":"https:\/\/secure.gravatar.com\/avatar\/e2104f4ee714373669b2ec262b153d36?s=50&d=mm&r=g","fifu_image_alt":"Tunisie: Vers la vaccination des citoyens dans les pharmacies","footnotes":""},"categories":[73,55],"tags":[],"class_list":["post-116106","post","type-post","status-publish","format-standard","hentry","category-actualite","category-tunisie"],"_links":{"self":[{"href":"https:\/\/linitiative.ca\/International\/wp-json\/wp\/v2\/posts\/116106","targetHints":{"allow":["GET"]}}],"collection":[{"href":"https:\/\/linitiative.ca\/International\/wp-json\/wp\/v2\/posts"}],"about":[{"href":"https:\/\/linitiative.ca\/International\/wp-json\/wp\/v2\/types\/post"}],"author":[{"embeddable":true,"href":"https:\/\/linitiative.ca\/International\/wp-json\/wp\/v2\/users\/1789"}],"replies":[{"embeddable":true,"href":"https:\/\/linitiative.ca\/International\/wp-json\/wp\/v2\/comments?post=116106"}],"version-history":[{"count":0,"href":"https:\/\/linitiative.ca\/International\/wp-json\/wp\/v2\/posts\/116106\/revisions"}],"wp:attachment":[{"href":"https:\/\/linitiative.ca\/International\/wp-json\/wp\/v2\/media?parent=116106"}],"wp:term":[{"taxonomy":"category","embeddable":true,"href":"https:\/\/linitiative.ca\/International\/wp-json\/wp\/v2\/categories?post=116106"},{"taxonomy":"post_tag","embeddable":true,"href":"https:\/\/linitiative.ca\/International\/wp-json\/wp\/v2\/tags?post=116106"}],"curies":[{"name":"wp","href":"https:\/\/api.w.org\/{rel}","templated":true}]}}