{"id":116109,"date":"2021-05-04T08:39:15","date_gmt":"2021-05-04T12:39:15","guid":{"rendered":"https:\/\/linitiative.ca\/International\/reapprovisionnement-des-pharmacies-en-chloroquine-et-hydroxychloroquine-2\/"},"modified":"2021-05-04T08:39:15","modified_gmt":"2021-05-04T12:39:15","slug":"reapprovisionnement-des-pharmacies-en-chloroquine-et-hydroxychloroquine-2","status":"publish","type":"post","link":"https:\/\/linitiative.ca\/International\/reapprovisionnement-des-pharmacies-en-chloroquine-et-hydroxychloroquine-2\/","title":{"rendered":"R\u00e9approvisionnement des pharmacies en chloroquine et hydroxychloroquine"},"content":{"rendered":"<div class=\"single-featured\"><img alt=\"\" data-src=\"http:\/\/www.mapmarrakech.ma\/map\/uploads\/2020\/03\/minist\u00e8resant\u00e9-copier-1.jpg\"\/><\/div>\n<div class=\"single-post-excerpt post-excerpt-bc\" readability=\"35\">\n<p>Les pharmacies seront r\u00e9approvisionn\u00e9es \u00e0 partir du 1er juin prochain en quantit\u00e9 suffisante de m\u00e9dicaments essentiels \u00e0 base de chloroquine et d\u2019hydroxychloroquine, a annonc\u00e9 mardi le minist\u00e8re de la sant\u00e9.<\/p>\n<\/div>\n<div class=\"entry-content clearfix single-post-content\" readability=\"52\">\n<p>Dans le cadre du souci du minist\u00e8re de la sant\u00e9 de garantir les services de sant\u00e9 et les traitements essentiels aux patients, il a \u00e9t\u00e9 d\u00e9cid\u00e9 de r\u00e9approvisionner les pharmacies en quantit\u00e9 suffisante de m\u00e9dicaments essentiels \u00e0 base de chloroquine et d\u2019hydroxychloroquine \u00e0 partir du mardi 1er juin 2021, pr\u00e9cise le minist\u00e8re dans un communiqu\u00e9.<\/p>\n<p>Le minist\u00e8re rappelle que conform\u00e9ment aux mesures pr\u00e9ventives prises contre la Covid-19, seuls les h\u00f4pitaux \u00e9taient approvisionn\u00e9s en ces m\u00e9dicaments essentiels pour soigner les patients du nouveau coronavirus. Compte tenu du succ\u00e8s de la campagne de vaccination et de l\u2019engouement des citoyens marocains pour le vaccin anti-Covid19, le minist\u00e8re de la sant\u00e9 a d\u00e9cid\u00e9 d\u2019approvisionner de nouveau les pharmacies en quantit\u00e9 suffisante de ces m\u00e9dicaments essentiels, avec l\u2019obligation d\u2019un suivi et d\u2019un contr\u00f4le rigoureux du stock national et du degr\u00e9 d\u2019utilisation, affirme la m\u00eame source.<\/p>\n<p>Ces m\u00e9dicaments ne seront d\u00e9livr\u00e9s que sur ordonnance remise aux patients souffrant de Polyarthrite rhumatoire, de lupus \u00e9ryth\u00e9mateux et de paludisme, pr\u00e9cise le minist\u00e8re appelant ces patients \u00e0 respecter les mesures sanitaires et \u00e0 suivre les conseils des m\u00e9decins et pharmaciens.<\/p>\n<\/div>\n<p>Auteur: Meriem IGASS<br \/>\n<a href=\"http:\/\/www.mapmarrakech.ma\/fr\/reapprovisionnement-des-pharmacies-en-chloroquine-et-hydroxychloroquine\/\">Cliquez ici pour lire l&rsquo;article depuis sa source.<\/a><\/p>\n","protected":false},"excerpt":{"rendered":"<p>Les pharmacies seront r\u00e9approvisionn\u00e9es \u00e0 partir du 1er juin prochain en quantit\u00e9 suffisante de m\u00e9dicaments essentiels \u00e0 base de chloroquine et d\u2019hydroxychloroquine, a annonc\u00e9 mardi le minist\u00e8re de la sant\u00e9. Dans le cadre du souci du minist\u00e8re de la sant\u00e9 de garantir les services de sant\u00e9 et les traitements essentiels aux patients, il a \u00e9t\u00e9 [&hellip;]<\/p>\n","protected":false},"author":1788,"featured_media":0,"comment_status":"closed","ping_status":"closed","sticky":false,"template":"","format":"standard","meta":{"fifu_image_url":"http:\/\/www.mapmarrakech.ma\/map\/uploads\/2020\/03\/minist\u00e8resant\u00e9-copier-1.jpg","fifu_image_alt":"R\u00e9approvisionnement des pharmacies en chloroquine et hydroxychloroquine","footnotes":""},"categories":[54,76],"tags":[],"class_list":["post-116109","post","type-post","status-publish","format-standard","hentry","category-maroc","category-regions"],"_links":{"self":[{"href":"https:\/\/linitiative.ca\/International\/wp-json\/wp\/v2\/posts\/116109","targetHints":{"allow":["GET"]}}],"collection":[{"href":"https:\/\/linitiative.ca\/International\/wp-json\/wp\/v2\/posts"}],"about":[{"href":"https:\/\/linitiative.ca\/International\/wp-json\/wp\/v2\/types\/post"}],"author":[{"embeddable":true,"href":"https:\/\/linitiative.ca\/International\/wp-json\/wp\/v2\/users\/1788"}],"replies":[{"embeddable":true,"href":"https:\/\/linitiative.ca\/International\/wp-json\/wp\/v2\/comments?post=116109"}],"version-history":[{"count":0,"href":"https:\/\/linitiative.ca\/International\/wp-json\/wp\/v2\/posts\/116109\/revisions"}],"wp:attachment":[{"href":"https:\/\/linitiative.ca\/International\/wp-json\/wp\/v2\/media?parent=116109"}],"wp:term":[{"taxonomy":"category","embeddable":true,"href":"https:\/\/linitiative.ca\/International\/wp-json\/wp\/v2\/categories?post=116109"},{"taxonomy":"post_tag","embeddable":true,"href":"https:\/\/linitiative.ca\/International\/wp-json\/wp\/v2\/tags?post=116109"}],"curies":[{"name":"wp","href":"https:\/\/api.w.org\/{rel}","templated":true}]}}