{"id":116117,"date":"2021-05-03T20:51:14","date_gmt":"2021-05-04T00:51:14","guid":{"rendered":"https:\/\/linitiative.ca\/International\/journee-mondiale-de-la-liberte-de-la-presse-les-pouvoirs-publics-appeles-a-soutenir-les-medias\/"},"modified":"2021-05-03T20:51:14","modified_gmt":"2021-05-04T00:51:14","slug":"journee-mondiale-de-la-liberte-de-la-presse-les-pouvoirs-publics-appeles-a-soutenir-les-medias","status":"publish","type":"post","link":"https:\/\/linitiative.ca\/International\/journee-mondiale-de-la-liberte-de-la-presse-les-pouvoirs-publics-appeles-a-soutenir-les-medias\/","title":{"rendered":"Journ\u00e9e mondiale de la libert\u00e9 de la presse : Les pouvoirs publics appel\u00e9s \u00e0 soutenir les m\u00e9dias"},"content":{"rendered":"<div class=\"td-post-featured-image\">\n<figure><a href=\"https:\/\/www.sidwaya.info\/wp-content\/uploads\/2021\/05\/medias.jpg\" data-caption=\"Le pr\u00e9sident du CSC, Mathias Tankoano (1er \u00e0 partir de la gauche) a confi\u00e9 que son institution et les organisations professionnelles continuent de mener le plaidoyer pour l\u2019adoption d\u2019une fiscalit\u00e9 sp\u00e9cifique aux entreprises de presse.\"><img loading=\"lazy\" decoding=\"async\" width=\"696\" height=\"543\" class=\"entry-thumb td-modal-image\" src=\"https:\/\/www.sidwaya.info\/wp-content\/uploads\/2021\/05\/medias-696x543.jpg\" srcset=\"https:\/\/www.sidwaya.info\/wp-content\/uploads\/2021\/05\/medias-696x543.jpg 696w, https:\/\/www.sidwaya.info\/wp-content\/uploads\/2021\/05\/medias-300x234.jpg 300w, https:\/\/www.sidwaya.info\/wp-content\/uploads\/2021\/05\/medias-768x600.jpg 768w, https:\/\/www.sidwaya.info\/wp-content\/uploads\/2021\/05\/medias-150x117.jpg 150w, https:\/\/www.sidwaya.info\/wp-content\/uploads\/2021\/05\/medias-538x420.jpg 538w, https:\/\/www.sidwaya.info\/wp-content\/uploads\/2021\/05\/medias.jpg 780w\" sizes=\"auto, (max-width: 696px) 100vw, 696px\" alt=\"\" title=\"medias\"\/><\/a><figcaption class=\"wp-caption-text\">Le pr\u00e9sident du CSC, Mathias Tankoano (1er \u00e0 partir de la gauche) a confi\u00e9 que son institution et les organisations professionnelles continuent de mener le plaidoyer pour l\u2019adoption d\u2019une fiscalit\u00e9 sp\u00e9cifique aux entreprises de presse.<\/figcaption><\/figure>\n<\/div>\n<p><strong>La Journ\u00e9e mondiale de la libert\u00e9 de la presse a \u00e9t\u00e9 comm\u00e9mor\u00e9e, le lundi 3 mai 2021, \u00e0 Ouagadougou par le Centre national de presse Norbert-Zongo et d\u2019autres organisations professionnelles de m\u00e9dias et des journalistes.<\/strong><br \/><strong>La c\u00e9r\u00e9monie s\u2019est d\u00e9roul\u00e9e en pr\u00e9sence du pr\u00e9sident du Conseil sup\u00e9rieur de la communication (CSC), Mathias Tankoano et de celui de la Commission \u00e9lectorale nationale ind\u00e9pendante (CENI), Newton Ahmed Barry.<\/strong><\/p>\n<p>\u00ab\u00a0La viabilit\u00e9 des entreprises de presse au Burkina Faso\u00a0\u00bb, c\u2019est sous ce th\u00e8me que les organisations professionnelles des m\u00e9dias et des journalistes ont comm\u00e9mor\u00e9, la Journ\u00e9e mondiale de la libert\u00e9 de la presse (JMLP), le lundi 3 mai 2021, \u00e0 Ouagadougou. Selon le pr\u00e9sident du comit\u00e9 de pilotage du Centre national de presse Norbert-Zongo (CNP-NZ), Inoussa Ou\u00e9draogo, en choisissant ce th\u00e8me, le souhait est de voir l\u2019ensemble de la communaut\u00e9 politique, \u00e9conomique et m\u00e9diatique consentir des efforts au profit de l\u2019entreprise de presse. Pour lui, ce \u00ab\u00a0maillon indispensable\u00a0\u00bb \u00e0 la production de l\u2019information est en p\u00e9ril.<\/p>\n<p>\u00ab La plupart de nos entreprises de presse traverse des situations difficiles li\u00e9es \u00e0 la situation \u00e9conomique globale du pays, mais \u00e9galement, \u00e0 la maladie \u00e0 coronavirus. Ces derni\u00e8res ann\u00e9es, des entreprises de presse ont d\u00fb mettre la cl\u00e9 sous le paillasson\u00a0\u00bb, a-t-il indiqu\u00e9. De l\u2019avis de M. Ou\u00e9draogo, tant que les entreprises de presse vivront des situations \u00e9conomiques difficiles, la libert\u00e9 de la presse sera menac\u00e9e et la qualit\u00e9 de l\u2019information touch\u00e9e. \u00ab\u00a0Nous voulons inviter les responsables de ce pays \u00e0 faire en sorte que la situation des m\u00e9dias les pr\u00e9occupe davantage parce que si les m\u00e9dias disparaissent, c\u2019est la d\u00e9mocratie qui dispara\u00eetra.<\/p>\n<p>Et nous nous demandons ce que sera notre monde et notre pays s\u2019il n\u2019y a pas de m\u00e9dias\u00bb, a-t-il affirm\u00e9. Il a rappel\u00e9 que la comm\u00e9moration de l\u2019\u00e9dition 2021 de la JMLP se tient dans un contexte o\u00f9 le Burkina Faso est \u00ab\u00a0plus ou moins bien cot\u00e9\u00a0\u00bb sur le plan de la libert\u00e9 de la presse. En effet, a-t-il relev\u00e9, le classement de Reporters sans fronti\u00e8res place en mati\u00e8re de la libert\u00e9 de la presse, le pays des Hommes int\u00e8gres\u00a05e en Afrique derri\u00e8re l\u2019Afrique du Sud, le Ghana, le Cap Vert et la Namibie et 1er en Afrique francophone.<\/p>\n<p>\u00ab\u00a0Dans le monde, le Burkina occupe la 37e position sur 180 pays, juste derri\u00e8re la Slov\u00e9nie, la Slovaquie, la France et le Royaume Uni. Nous avons des motifs de satisfaction\u00a0\u00bb, s\u2019est-t-il r\u00e9joui. Cependant, M. Ou\u00e9draogo a soutenu que des d\u00e9fis restent \u00e0 relever pour construire des m\u00e9dias \u00e9conomiquement viables et professionnellement libres et ind\u00e9pendants de toutes les chapelles politiques et \u00e9conomiques.<\/p>\n<h3>Le satisfecit du pr\u00e9sident du CSC<\/h3>\n<figure id=\"attachment_35010\" aria-describedby=\"caption-attachment-35010\" class=\"wp-caption alignleft c1\"><img decoding=\"async\" loading=\"lazy\" class=\"size-medium wp-image-35010\" src=\"https:\/\/www.sidwaya.info\/wp-content\/uploads\/2021\/05\/medias2-300x240.jpg\" alt=\"\" width=\"300\" height=\"240\" srcset=\"https:\/\/www.sidwaya.info\/wp-content\/uploads\/2021\/05\/medias2-300x240.jpg 300w, https:\/\/www.sidwaya.info\/wp-content\/uploads\/2021\/05\/medias2-150x120.jpg 150w, https:\/\/www.sidwaya.info\/wp-content\/uploads\/2021\/05\/medias2.jpg 521w\" sizes=\"auto, (max-width: 300px) 100vw, 300px\"\/><figcaption id=\"caption-attachment-35010\" class=\"wp-caption-text\">Selon le pr\u00e9sident du comit\u00e9 de pilotage du CNP-NZ, Inoussa Ou\u00e9draogo, au moins six cas d\u2019agressions et de menaces de mort par balles \u00e0 l\u2019\u00e9gard des journalistes ont \u00e9t\u00e9 recens\u00e9s en 2020.<\/figcaption><\/figure>\n<p>Le pr\u00e9sident du Conseil sup\u00e9rieur de la communication (CSC), Mathias Tankoano, a aussi salu\u00e9 le bon classement du Burkina Faso. A l\u2019entendre, ce classement montre la qualit\u00e9 du travail que les m\u00e9dias nationaux abattent, mais aussi, \u00ab\u00a0l\u2019effort de synergie qu\u2019il y a entre les pouvoirs publics notamment le r\u00e9gulateur et les organisations professionnelles de la presse\u00a0pour que nous ayons cet espace de libert\u00e9 qui est le ciment de notre d\u00e9mocratie \u00bb. \u00ab\u00a0Nous sommes dans un pays post-insurrectionnel o\u00f9 nous devons tous garantir cet espace de libert\u00e9 pour consolider davantage nos acquis d\u00e9mocratiques. Nous voulons lancer un appel \u00e0 ce que nous continuions dans ce sens-l\u00e0 pour que notre pays ne puisse plus reculer en la mati\u00e8re. Nous sommes donc satisfaits \u00bb, a-t-il signifi\u00e9.<\/p>\n<p>Il a rassur\u00e9 que son institution est engag\u00e9e depuis deux ans aux c\u00f4t\u00e9s des organisations professionnelles de la presse pour mener un plaidoyer aupr\u00e8s de l\u2019Assembl\u00e9e nationale, afin d\u2019obtenir la d\u00e9fiscalisation des entreprises de presse. \u00ab\u00a0Si nous ne faisons pas un effort dans ce sens, nous allons \u00e9teindre des voix dans le milieu de la presse \u00bb, a-t-il averti. Par rapport \u00e0 l\u2019application effective de la convention collective de la presse, le patron du CSC a confi\u00e9 que le plaidoyer et les \u00e9changes avec les patrons de presse continuent. A l\u2019issue de la c\u00e9r\u00e9monie d\u2019ouverture, un panel a \u00e9t\u00e9 anim\u00e9 par deux universitaires.<\/p>\n<p>Dr Lassan\u00e9 Yam\u00e9ogo, a fait le point sur l\u2019\u00e9tat de la libert\u00e9 de la presse au Burkina Faso en 2020. La moyenne globale est de 2,41 sur 5. Selon lui, cette note est en baisse par rapport \u00e0 2019. \u00ab\u00a02020 a \u00e9t\u00e9 une ann\u00e9e de menace de mort et d\u2019intimidation contre des journalistes\u00a0\u00bb, a-t-il soutenu. Le 2e pan\u00e9liste, Dr Boura\u00efman Zongo a d\u00e9velopp\u00e9 l\u2019impact de la COVID-19 sur les m\u00e9dias burkinab\u00e8. Cette \u00e9tude qui a \u00e9t\u00e9 men\u00e9e \u00e0 Ouagadougou et \u00e0 Bobo-Dioulasso a r\u00e9v\u00e9l\u00e9 que cette maladie a eu des r\u00e9percussions sur le travail des journalistes et partant de la libert\u00e9 de la presse.<\/p>\n<p>\u00ab\u00a0Les journalistes n\u2019avaient pas acc\u00e8s aux sources d\u2019information et les mesures de quarantaine, de couvre-feu et de confinement n\u2019ont pas tenu compte de la sp\u00e9cificit\u00e9 du journalisme\u00a0\u00bb, a-t-il not\u00e9. Il a soulign\u00e9 que malgr\u00e9 cette situation, les journalistes et les m\u00e9dias ont \u00e9t\u00e9 r\u00e9silients en d\u00e9veloppant des initiatives pour informer les populations.<br \/>La c\u00e9r\u00e9monie comm\u00e9morative a servi de cadre pour le lancement du prix Norbert-Zongo du journalisme d\u2019investigation et celui de la meilleure journaliste du Burkina pour l\u2019ann\u00e9e 2021. Ces deux prix changent d\u00e9sormais de noms.<\/p>\n<p>Ils deviennent respectivement Prix africain Norbert-Zongo du journalisme d\u2019investigation et Prix Marie-Soleil-Fr\u00e8re de la meilleure journaliste du Burkina Faso. Un hommage a \u00e9t\u00e9 rendu \u00e0 cette derni\u00e8re d\u00e9c\u00e9d\u00e9e en mars 2021 et une minute de silence observ\u00e9e \u00e0 la m\u00e9moire des confr\u00e8res disparus entre deux \u00e9ditions de la JMLP.<\/p>\n<p class=\"c2\"><strong>Timoth\u00e9e SOME<\/strong><\/p>\n<p class=\"c2\">timothesom@yahoo.fr<\/p>\n<div class=\"td-a-rec td-a-rec-id-content_bottom tdi_33_261 td_block_template_1\">\n<p><img loading=\"lazy\" decoding=\"async\" class=\"aligncenter size-full wp-image-27454\" src=\"https:\/\/www.sidwaya.info\/wp-content\/uploads\/2020\/10\/PUB-Bandeau-paiement-mobile-siteweb.jpg\" alt=\"\" width=\"728\" height=\"90\"\/><\/div>\n<p>Auteur: JK. Sidwaya<br \/>\n<a href=\"https:\/\/www.sidwaya.info\/blog\/2021\/05\/04\/journee-mondiale-de-la-liberte-de-la-presse-les-pouvoirs-publics-appeles-a-soutenir-les-medias\/\">Cliquez ici pour lire l&rsquo;article depuis sa source.<\/a><\/p>\n","protected":false},"excerpt":{"rendered":"<p>Le pr\u00e9sident du CSC, Mathias Tankoano (1er \u00e0 partir de la gauche) a confi\u00e9 que son institution et les organisations professionnelles continuent de mener le plaidoyer pour l\u2019adoption d\u2019une fiscalit\u00e9 sp\u00e9cifique aux entreprises de presse. La Journ\u00e9e mondiale de la libert\u00e9 de la presse a \u00e9t\u00e9 comm\u00e9mor\u00e9e, le lundi 3 mai 2021, \u00e0 Ouagadougou par [&hellip;]<\/p>\n","protected":false},"author":1816,"featured_media":0,"comment_status":"closed","ping_status":"closed","sticky":false,"template":"","format":"standard","meta":{"fifu_image_url":"https:\/\/www.sidwaya.info\/wp-content\/uploads\/2021\/05\/medias-696x543.jpg","fifu_image_alt":"Journ\u00e9e mondiale de la libert\u00e9 de la presse : Les pouvoirs publics appel\u00e9s \u00e0 soutenir les m\u00e9dias","footnotes":""},"categories":[73,81],"tags":[],"class_list":["post-116117","post","type-post","status-publish","format-standard","hentry","category-actualite","category-burkina-faso"],"_links":{"self":[{"href":"https:\/\/linitiative.ca\/International\/wp-json\/wp\/v2\/posts\/116117","targetHints":{"allow":["GET"]}}],"collection":[{"href":"https:\/\/linitiative.ca\/International\/wp-json\/wp\/v2\/posts"}],"about":[{"href":"https:\/\/linitiative.ca\/International\/wp-json\/wp\/v2\/types\/post"}],"author":[{"embeddable":true,"href":"https:\/\/linitiative.ca\/International\/wp-json\/wp\/v2\/users\/1816"}],"replies":[{"embeddable":true,"href":"https:\/\/linitiative.ca\/International\/wp-json\/wp\/v2\/comments?post=116117"}],"version-history":[{"count":0,"href":"https:\/\/linitiative.ca\/International\/wp-json\/wp\/v2\/posts\/116117\/revisions"}],"wp:attachment":[{"href":"https:\/\/linitiative.ca\/International\/wp-json\/wp\/v2\/media?parent=116117"}],"wp:term":[{"taxonomy":"category","embeddable":true,"href":"https:\/\/linitiative.ca\/International\/wp-json\/wp\/v2\/categories?post=116117"},{"taxonomy":"post_tag","embeddable":true,"href":"https:\/\/linitiative.ca\/International\/wp-json\/wp\/v2\/tags?post=116117"}],"curies":[{"name":"wp","href":"https:\/\/api.w.org\/{rel}","templated":true}]}}