{"id":116119,"date":"2021-05-04T08:40:10","date_gmt":"2021-05-04T12:40:10","guid":{"rendered":"https:\/\/linitiative.ca\/International\/daba-concept-store-ouvre-ses-portes-au-sela-plaza-a-dar-bouazza\/"},"modified":"2021-05-04T08:40:10","modified_gmt":"2021-05-04T12:40:10","slug":"daba-concept-store-ouvre-ses-portes-au-sela-plaza-a-dar-bouazza","status":"publish","type":"post","link":"https:\/\/linitiative.ca\/International\/daba-concept-store-ouvre-ses-portes-au-sela-plaza-a-dar-bouazza\/","title":{"rendered":"Daba Concept Store  ouvre ses portes au Sela Plaza \u00e0 Dar Bouazza"},"content":{"rendered":"<header>\n<div class=\"entry-post-meta\">\n<div class=\"author-link\">Publi\u00e9 par <a itemprop=\"author\" itemscope=\"itemscope\" itemtype=\"https:\/\/schema.org\/Person\" href=\"https:\/\/aujourdhui.ma\/author\/kaid\" rel=\"author\"><span itemprop=\"name\">ALM<\/span><\/a><\/div>\n<p>Date\u00a0:<time content=\"2021-05-04T12:40:10+00:00\" class=\"entry-date updated\" datetime=\"2021-05-04T12:40:10+00:00\">mai 04, 2021<\/time><\/p>\n<div class=\"entry-cat\">dans:<a href=\"https:\/\/aujourdhui.ma\/category\/economie\" rel=\"category tag\">Economie<\/a><\/div>\n<p>0 Vues<\/p>\n<\/div>\n<\/header>\n<div class=\"entry-content clearfix\" readability=\"54\">\n<figure class=\"post-thumbnail\" itemprop=\"associatedMedia\" itemscope=\"itemscope\" itemtype=\"http:\/\/schema.org\/ImageObject\"><img decoding=\"async\" class=\"post_layout_5_img\" src=\"http:\/\/aujourdhui.ma\/wp-content\/uploads\/2021\/05\/Daba-Concept-Store.jpg\" alt=\"Daba Concept Store ouvre ses portes au Sela Plaza \u00e0 Dar Bouazza\"\/><\/figure>\n<p><span class=\"c7\"><strong>Mettant en avant la cr\u00e9ation \u00abMade in Morocco\u00bb, Daba s\u2019installe au centre commercial Sela Plaza pour les trois prochains mois.<\/strong><\/span> <span id=\"more-375611\"\/><\/p>\n<p>Daba Concept Store invite les visiteurs \u00e0 venir d\u00e9couvrir son \u00e9v\u00e8nement March\u00e9 des cr\u00e9ateurs EID Edition. Une s\u00e9lection de produits de mode ethno style, art de table, gourmandises, produits cosm\u00e9tiques et id\u00e9es de cadeaux originaux.<\/p>\n<p>Concr\u00e8tement, Daba Concept Store est un espace de vente pour les jeunes designers cr\u00e9atifs et atypiques qui souhaitent se d\u00e9marquer \u00e0 travers leurs produits. C\u2019est aussi un espace de rencontre et de partage entre les clients et les designers qui vise \u00e0 apporter une exclusivit\u00e9 dans la qualit\u00e9 et le design tout en offrant un large choix de produits made in Morocco.<\/p>\n<p>En plus d\u2019\u00eatre un concept store, Daba Concept Store est une plate-forme de vie et d\u2019interaction entre plusieurs concepteurs et cr\u00e9atifs qui accueille tout type d\u2019\u00e9v\u00e9nements li\u00e9s \u00e0 la cr\u00e9ation : performances, danse, concerts et d\u00e9bats.<\/p>\n<\/div>\n<p>Auteur: ALM<br \/>\n<a href=\"https:\/\/aujourdhui.ma\/economie\/daba-concept-store-ouvre-ses-portes-au-sela-plaza-a-dar-bouazza\">Cliquez ici pour lire l&rsquo;article depuis sa source.<\/a><\/p>\n","protected":false},"excerpt":{"rendered":"<p>Publi\u00e9 par ALM Date\u00a0:mai 04, 2021 dans:Economie 0 Vues Mettant en avant la cr\u00e9ation \u00abMade in Morocco\u00bb, Daba s\u2019installe au centre commercial Sela Plaza pour les trois prochains mois. Daba Concept Store invite les visiteurs \u00e0 venir d\u00e9couvrir son \u00e9v\u00e8nement March\u00e9 des cr\u00e9ateurs EID Edition. Une s\u00e9lection de produits de mode ethno style, art de [&hellip;]<\/p>\n","protected":false},"author":1759,"featured_media":0,"comment_status":"closed","ping_status":"closed","sticky":false,"template":"","format":"standard","meta":{"fifu_image_url":"http:\/\/aujourdhui.ma\/wp-content\/uploads\/2021\/05\/Daba-Concept-Store.jpg","fifu_image_alt":"Daba Concept Store  ouvre ses portes au Sela Plaza \u00e0 Dar Bouazza","footnotes":""},"categories":[73,54],"tags":[],"class_list":["post-116119","post","type-post","status-publish","format-standard","hentry","category-actualite","category-maroc"],"_links":{"self":[{"href":"https:\/\/linitiative.ca\/International\/wp-json\/wp\/v2\/posts\/116119","targetHints":{"allow":["GET"]}}],"collection":[{"href":"https:\/\/linitiative.ca\/International\/wp-json\/wp\/v2\/posts"}],"about":[{"href":"https:\/\/linitiative.ca\/International\/wp-json\/wp\/v2\/types\/post"}],"author":[{"embeddable":true,"href":"https:\/\/linitiative.ca\/International\/wp-json\/wp\/v2\/users\/1759"}],"replies":[{"embeddable":true,"href":"https:\/\/linitiative.ca\/International\/wp-json\/wp\/v2\/comments?post=116119"}],"version-history":[{"count":0,"href":"https:\/\/linitiative.ca\/International\/wp-json\/wp\/v2\/posts\/116119\/revisions"}],"wp:attachment":[{"href":"https:\/\/linitiative.ca\/International\/wp-json\/wp\/v2\/media?parent=116119"}],"wp:term":[{"taxonomy":"category","embeddable":true,"href":"https:\/\/linitiative.ca\/International\/wp-json\/wp\/v2\/categories?post=116119"},{"taxonomy":"post_tag","embeddable":true,"href":"https:\/\/linitiative.ca\/International\/wp-json\/wp\/v2\/tags?post=116119"}],"curies":[{"name":"wp","href":"https:\/\/api.w.org\/{rel}","templated":true}]}}