{"id":116120,"date":"2021-05-04T09:30:30","date_gmt":"2021-05-04T13:30:30","guid":{"rendered":"https:\/\/linitiative.ca\/International\/tunisie-le-gouvernorat-de-jendouba-enregistre-le-nombre-de-deces-le-plus-eleve-depuis-le-debut-de-la-pandemie\/"},"modified":"2021-05-04T09:30:30","modified_gmt":"2021-05-04T13:30:30","slug":"tunisie-le-gouvernorat-de-jendouba-enregistre-le-nombre-de-deces-le-plus-eleve-depuis-le-debut-de-la-pandemie","status":"publish","type":"post","link":"https:\/\/linitiative.ca\/International\/tunisie-le-gouvernorat-de-jendouba-enregistre-le-nombre-de-deces-le-plus-eleve-depuis-le-debut-de-la-pandemie\/","title":{"rendered":"Tunisie: Le gouvernorat de Jendouba enregistre le nombre de d\u00e9c\u00e8s le plus \u00e9lev\u00e9 depuis le d\u00e9but de la pand\u00e9mie"},"content":{"rendered":"<div class=\"post-cont-in left relative\">\n<div id=\"post-info-wrap\" class=\"left relative post-info-out\">\n<div class=\"post-info-img left relative\"><img decoding=\"async\" alt=\"\" src=\"https:\/\/secure.gravatar.com\/avatar\/617b7c38e84f7dd4cedc307191ba635d?s=50&amp;d=mm&amp;r=g\" srcset=\"https:\/\/secure.gravatar.com\/avatar\/617b7c38e84f7dd4cedc307191ba635d?s=100&amp;d=mm&amp;r=g 2x\" class=\"avatar avatar-50 photo\" height=\"50\" width=\"50\" loading=\"lazy\"\/><\/div>\n<div class=\"post-info-in\">\n<div class=\"post-info-right left relative post-info-name left relative\"><span><span class=\"post-info-text\">Par<\/span> <span class=\"author-name vcard fn author\"><a href=\"https:\/\/www.tunisienumerique.com\/author\/dodo\/\" title=\"Articles par D .\" rel=\"author\">D .<\/a><\/span><\/span> <span class=\"post-date updated\"><time class=\"post-date updated\" datetime=\"2021-05-04\">\u00a0| Il y a 19 secondes<\/time><\/span><br \/>\n<meta itemprop=\"dateModified\" content=\"2021-05-04\"\/><\/div>\n<div class=\"left relative\"><button id=\"listenButton1\" class=\"responsivevoice-button\" type=\"button\" value=\"Play\" title=\"\u00c9coutez l'article\"><span>\ud83d\udd0a \u00c9coutez l&rsquo;article<\/span><\/button>\n<\/div>\n<\/div>\n<\/div>\n<p>Selon la derni\u00e8re mise \u00e0 jour de la situation \u00e9pid\u00e9miologique dans le gouvernorat de Jendouba, 16.911 tests ont \u00e9t\u00e9 effectu\u00e9s dimanche dernier ayant permis de d\u00e9tecter 72 nouvelles contaminations.<\/p>\n<div class=\"code-block code-block-1 c4\">\n <ins class=\"adsbygoogle c3\" data-ad-layout=\"in-article\" data-ad-format=\"fluid\" data-ad-client=\"ca-pub-2102118777505746\" data-ad-slot=\"7301775417\"\/>\n<\/div>\n<p>En outre, 3407 nouvelles gu\u00e9risons et 3867 contaminations ont \u00e9t\u00e9 recens\u00e9es depuis le d\u00e9but de la propagation du virus.<\/p>\n<p>Les derni\u00e8res statistiques publi\u00e9es par la direction r\u00e9gionale de la sant\u00e9 de Jendouba ont montr\u00e9 que 5 d\u00e9c\u00e8s ont \u00e9t\u00e9 enregistr\u00e9s en 24h soit le nombre le plus \u00e9lev\u00e9 depuis le d\u00e9but de la pand\u00e9mie.<\/p>\n<p>Selon la m\u00eame source, l\u2019h\u00f4pital r\u00e9gional de Tabarka a atteint sa capacit\u00e9 d\u2019accueil maximale tandis que le nombre de patients dans les unit\u00e9s Covid-19 s\u2019est \u00e9lev\u00e9 \u00e0 60 personnes.<\/p>\n<div class=\"swp_social_panel swp_horizontal_panel swp_flat_fresh swp_default_full_color swp_individual_full_color swp_other_full_color scale-100 scale-\" data-min-width=\"1100\" data-float-color=\"#ffffff\" data-float=\"bottom\" data-float-mobile=\"bottom\" data-transition=\"slide\">\n<div class=\"nc_tweetContainer swp_share_button total_shares total_sharesalt\"><span class=\"swp_count\">0 <span class=\"swp_label\">Partages<\/span><\/span><\/div>\n<\/div>\n<p><strong>Que se passe-t-il en Tunisie?<\/strong><br \/>Nous expliquons sur notre <a href=\"https:\/\/www.youtube.com\/channel\/UCRzypVq0B_yBad5eGrwBx0Q?sub_confirmation=1\" target=\"_blank\" rel=\"noopener\">cha\u00eene YouTube<\/a> . <a href=\"https:\/\/www.youtube.com\/channel\/UCRzypVq0B_yBad5eGrwBx0Q?sub_confirmation=1\" target=\"_blank\" rel=\"noopener\">Abonnez-vous!<\/a><\/p>\n<div class=\"mvp-org-wrap\" itemprop=\"publisher\">\n<div class=\"mvp-org-logo\" itemprop=\"logo\"><img decoding=\"async\" src=\"https:\/\/www.tunisienumerique.com\/wp-content\/uploads\/2017\/02\/logo_tunisie_numerique.png\"\/><br \/>\n<meta itemprop=\"url\" content=\"https:\/\/www.tunisienumerique.com\/wp-content\/uploads\/2017\/02\/logo_tunisie_numerique.png\"\/><\/div>\n<p><meta content=\"Tunisie\"\/><\/div>\n<div class=\"mvp-related-posts left relative\">\n<h4 class=\"post-header\"><span class=\"post-header\">Lire aussi<\/span><\/h4>\n<\/div>\n<div id=\"article-ad\">\n <ins class=\"adsbygoogle c5\" data-ad-client=\"ca-pub-2102118777505746\" data-ad-slot=\"6513972734\" data-ad-format=\"auto\" data-full-width-responsive=\"true\"\/>\n<\/div>\n<\/div>\n<div id=\"post-sidebar-wrap\">\n <ins class=\"adsbygoogle c5\" data-ad-client=\"ca-pub-2102118777505746\" data-ad-slot=\"6168283410\" data-ad-format=\"auto\" data-full-width-responsive=\"true\"\/>\n<\/div>\n<p>Auteur: D .<br \/>\n<a href=\"https:\/\/www.tunisienumerique.com\/tunisie-le-gouvernorat-de-jendouba-enregistre-le-nombre-de-deces-le-plus-eleve-depuis-le-debut-de-la-pandemie\/\">Cliquez ici pour lire l&rsquo;article depuis sa source.<\/a><\/p>\n","protected":false},"excerpt":{"rendered":"<p>Par D . \u00a0| Il y a 19 secondes \ud83d\udd0a \u00c9coutez l&rsquo;article Selon la derni\u00e8re mise \u00e0 jour de la situation \u00e9pid\u00e9miologique dans le gouvernorat de Jendouba, 16.911 tests ont \u00e9t\u00e9 effectu\u00e9s dimanche dernier ayant permis de d\u00e9tecter 72 nouvelles contaminations. En outre, 3407 nouvelles gu\u00e9risons et 3867 contaminations ont \u00e9t\u00e9 recens\u00e9es depuis le d\u00e9but [&hellip;]<\/p>\n","protected":false},"author":1789,"featured_media":0,"comment_status":"closed","ping_status":"closed","sticky":false,"template":"","format":"standard","meta":{"fifu_image_url":"https:\/\/secure.gravatar.com\/avatar\/617b7c38e84f7dd4cedc307191ba635d?s=50&d=mm&r=g","fifu_image_alt":"Tunisie: Le gouvernorat de Jendouba enregistre le nombre de d\u00e9c\u00e8s le plus \u00e9lev\u00e9 depuis le d\u00e9but de la pand\u00e9mie","footnotes":""},"categories":[73,55],"tags":[],"class_list":["post-116120","post","type-post","status-publish","format-standard","hentry","category-actualite","category-tunisie"],"_links":{"self":[{"href":"https:\/\/linitiative.ca\/International\/wp-json\/wp\/v2\/posts\/116120","targetHints":{"allow":["GET"]}}],"collection":[{"href":"https:\/\/linitiative.ca\/International\/wp-json\/wp\/v2\/posts"}],"about":[{"href":"https:\/\/linitiative.ca\/International\/wp-json\/wp\/v2\/types\/post"}],"author":[{"embeddable":true,"href":"https:\/\/linitiative.ca\/International\/wp-json\/wp\/v2\/users\/1789"}],"replies":[{"embeddable":true,"href":"https:\/\/linitiative.ca\/International\/wp-json\/wp\/v2\/comments?post=116120"}],"version-history":[{"count":0,"href":"https:\/\/linitiative.ca\/International\/wp-json\/wp\/v2\/posts\/116120\/revisions"}],"wp:attachment":[{"href":"https:\/\/linitiative.ca\/International\/wp-json\/wp\/v2\/media?parent=116120"}],"wp:term":[{"taxonomy":"category","embeddable":true,"href":"https:\/\/linitiative.ca\/International\/wp-json\/wp\/v2\/categories?post=116120"},{"taxonomy":"post_tag","embeddable":true,"href":"https:\/\/linitiative.ca\/International\/wp-json\/wp\/v2\/tags?post=116120"}],"curies":[{"name":"wp","href":"https:\/\/api.w.org\/{rel}","templated":true}]}}