{"id":116121,"date":"2021-05-04T09:33:21","date_gmt":"2021-05-04T13:33:21","guid":{"rendered":"https:\/\/linitiative.ca\/International\/afrique-vers-le-report-des-qualifications-pour-le-mondial-2022\/"},"modified":"2021-05-04T09:33:21","modified_gmt":"2021-05-04T13:33:21","slug":"afrique-vers-le-report-des-qualifications-pour-le-mondial-2022","status":"publish","type":"post","link":"https:\/\/linitiative.ca\/International\/afrique-vers-le-report-des-qualifications-pour-le-mondial-2022\/","title":{"rendered":"Afrique : Vers le report des qualifications pour le Mondial 2022 ?"},"content":{"rendered":"<div readability=\"32\">\n<p>Auteur : <span class=\"time\">mardi 04 mai 2021 12:04<\/span><\/p>\n<\/div>\n<div id=\"post_core\" readability=\"61\">\n<p>La raison de ce report est le nombre importants de stades qui ne sont pas homologu\u00e9s, a-t-on appris mardi de sources internes \u00e0 plusieurs f\u00e9d\u00e9rations.<\/p>\n<p>\u00ab\u00a0Le comit\u00e9 d&rsquo;urgence de la CAF a valid\u00e9 lundi la d\u00e9cision, nous attendons la validation du comit\u00e9 ex\u00e9cutif\u00a0\u00bb le 15 mai, explique \u00e0 l&rsquo;AFP un pr\u00e9sident de f\u00e9d\u00e9ration.<\/p>\n<p>D&rsquo;autres dirigeants du football africain ont confirm\u00e9 cette d\u00e9cision.<\/p>\n<p>Interrog\u00e9e, la CAF n&rsquo;a pas confirm\u00e9 et a annonc\u00e9 \u00abcommuniquer dans la journ\u00e9e\u00bb sur le sujet comme l&rsquo;indique Sport24.<\/p>\n<p>Les six journ\u00e9es de qualifications seraient \u00e9tal\u00e9es deux par deux en septembre, octobre et novembre, puis les barrages au mois de mars, apr\u00e8s la Coupe d&rsquo;Afrique des Nations (CAN) au Cameroun, initialement pr\u00e9vue en 2021 mais d\u00e9cal\u00e9e \u00e0 2022 par la pand\u00e9mie, selon les m\u00eames sources.<\/p>\n<p>Ce report de derni\u00e8re minute, \u00e0 quatre semaines du d\u00e9but des qualifications, est motiv\u00e9 par l&rsquo;absence de stades approuv\u00e9s par la CAF dans 22 des 54 pays membres de la Conf\u00e9d\u00e9ration, selon une liste qu&rsquo;a pu consulter l&rsquo;AFP.<\/p>\n<p><strong>Publi\u00e9 dans :<\/strong> <span>afrique<\/span><\/p>\n<\/div>\n<p>Auteur:<br \/>\n<a href=\"http:\/\/www.lebuteur.com\/article\/detail?titre=vers-le-report-des-qualifications-pour-le-mondial-2022&#038;id=99940&#038;utm_source=feedburner&#038;utm_medium=feed&#038;utm_campaign=Feed%3A+GalerieFArtciles+%28Les+derniers+articles++-+lebuteur.com%29\">Cliquez ici pour lire l&rsquo;article depuis sa source.<\/a><\/p>\n","protected":false},"excerpt":{"rendered":"<p>Auteur : mardi 04 mai 2021 12:04 La raison de ce report est le nombre importants de stades qui ne sont pas homologu\u00e9s, a-t-on appris mardi de sources internes \u00e0 plusieurs f\u00e9d\u00e9rations. \u00ab\u00a0Le comit\u00e9 d&rsquo;urgence de la CAF a valid\u00e9 lundi la d\u00e9cision, nous attendons la validation du comit\u00e9 ex\u00e9cutif\u00a0\u00bb le 15 mai, explique \u00e0 [&hellip;]<\/p>\n","protected":false},"author":1738,"featured_media":0,"comment_status":"closed","ping_status":"closed","sticky":false,"template":"","format":"standard","meta":{"fifu_image_url":"\/\/cdn.lebuteur.com\/data\/images\/article\/thumbs\/large-vers-le-report-des-qualifications-pour-le-mondial-2022-8ec3a.jpg","fifu_image_alt":"Afrique : Vers le report des qualifications pour le Mondial 2022 ?","footnotes":""},"categories":[53,75],"tags":[],"class_list":["post-116121","post","type-post","status-publish","format-standard","hentry","category-algerie","category-sport"],"_links":{"self":[{"href":"https:\/\/linitiative.ca\/International\/wp-json\/wp\/v2\/posts\/116121","targetHints":{"allow":["GET"]}}],"collection":[{"href":"https:\/\/linitiative.ca\/International\/wp-json\/wp\/v2\/posts"}],"about":[{"href":"https:\/\/linitiative.ca\/International\/wp-json\/wp\/v2\/types\/post"}],"author":[{"embeddable":true,"href":"https:\/\/linitiative.ca\/International\/wp-json\/wp\/v2\/users\/1738"}],"replies":[{"embeddable":true,"href":"https:\/\/linitiative.ca\/International\/wp-json\/wp\/v2\/comments?post=116121"}],"version-history":[{"count":0,"href":"https:\/\/linitiative.ca\/International\/wp-json\/wp\/v2\/posts\/116121\/revisions"}],"wp:attachment":[{"href":"https:\/\/linitiative.ca\/International\/wp-json\/wp\/v2\/media?parent=116121"}],"wp:term":[{"taxonomy":"category","embeddable":true,"href":"https:\/\/linitiative.ca\/International\/wp-json\/wp\/v2\/categories?post=116121"},{"taxonomy":"post_tag","embeddable":true,"href":"https:\/\/linitiative.ca\/International\/wp-json\/wp\/v2\/tags?post=116121"}],"curies":[{"name":"wp","href":"https:\/\/api.w.org\/{rel}","templated":true}]}}