{"id":116123,"date":"2021-05-04T06:00:00","date_gmt":"2021-05-04T10:00:00","guid":{"rendered":"https:\/\/linitiative.ca\/International\/entorse-aux-lois\/"},"modified":"2021-05-04T06:00:00","modified_gmt":"2021-05-04T10:00:00","slug":"entorse-aux-lois","status":"publish","type":"post","link":"https:\/\/linitiative.ca\/International\/entorse-aux-lois\/","title":{"rendered":"Entorse aux lois"},"content":{"rendered":"<p class=\"c3\">Tr\u00e8s actif sur les r\u00e9seaux sociaux, le pr\u00e9sident du parti islamiste le MSP, Abderrezak Makri, \u00abinnove\u00bb, depuis quelques jours, en y lan\u00e7ant sa propre \u00e9mission intitul\u00e9e \u00abLe Coran et la politique\u00bb. Soit, le parfait exemple du viol de la loi sur les partis et la Constitution qui interdisent clairement l\u2019utilisation de la religion \u00e0 des fins politiques. \u00c0 l\u2019approche des l\u00e9gislatives, les islamistes ne se refusent apparemment plus aucune entorse \u00e0 la loi, ce qui est assur\u00e9ment dangereux dans un pays qui en a pourtant fait l\u2019am\u00e8re exp\u00e9rience.<\/p>\n<p>Auteur:<br \/>\n<a href=\"https:\/\/www.lesoirdalgerie.com\/periscoop\/entorse-aux-lois-60588\">Cliquez ici pour lire l&rsquo;article depuis sa source.<\/a><\/p>\n","protected":false},"excerpt":{"rendered":"<p>Tr\u00e8s actif sur les r\u00e9seaux sociaux, le pr\u00e9sident du parti islamiste le MSP, Abderrezak Makri, \u00abinnove\u00bb, depuis quelques jours, en y lan\u00e7ant sa propre \u00e9mission intitul\u00e9e \u00abLe Coran et la politique\u00bb. Soit, le parfait exemple du viol de la loi sur les partis et la Constitution qui interdisent clairement l\u2019utilisation de la religion \u00e0 des [&hellip;]<\/p>\n","protected":false},"author":1741,"featured_media":0,"comment_status":"closed","ping_status":"closed","sticky":false,"template":"","format":"standard","meta":{"fifu_image_url":"","fifu_image_alt":"","footnotes":""},"categories":[73,53],"tags":[],"class_list":["post-116123","post","type-post","status-publish","format-standard","hentry","category-actualite","category-algerie"],"_links":{"self":[{"href":"https:\/\/linitiative.ca\/International\/wp-json\/wp\/v2\/posts\/116123","targetHints":{"allow":["GET"]}}],"collection":[{"href":"https:\/\/linitiative.ca\/International\/wp-json\/wp\/v2\/posts"}],"about":[{"href":"https:\/\/linitiative.ca\/International\/wp-json\/wp\/v2\/types\/post"}],"author":[{"embeddable":true,"href":"https:\/\/linitiative.ca\/International\/wp-json\/wp\/v2\/users\/1741"}],"replies":[{"embeddable":true,"href":"https:\/\/linitiative.ca\/International\/wp-json\/wp\/v2\/comments?post=116123"}],"version-history":[{"count":0,"href":"https:\/\/linitiative.ca\/International\/wp-json\/wp\/v2\/posts\/116123\/revisions"}],"wp:attachment":[{"href":"https:\/\/linitiative.ca\/International\/wp-json\/wp\/v2\/media?parent=116123"}],"wp:term":[{"taxonomy":"category","embeddable":true,"href":"https:\/\/linitiative.ca\/International\/wp-json\/wp\/v2\/categories?post=116123"},{"taxonomy":"post_tag","embeddable":true,"href":"https:\/\/linitiative.ca\/International\/wp-json\/wp\/v2\/tags?post=116123"}],"curies":[{"name":"wp","href":"https:\/\/api.w.org\/{rel}","templated":true}]}}