{"id":116125,"date":"2021-05-04T08:42:46","date_gmt":"2021-05-04T12:42:46","guid":{"rendered":"https:\/\/linitiative.ca\/International\/tombee-de-rideau-sur-le-programme-souss-launchpad\/"},"modified":"2021-05-04T08:42:46","modified_gmt":"2021-05-04T12:42:46","slug":"tombee-de-rideau-sur-le-programme-souss-launchpad","status":"publish","type":"post","link":"https:\/\/linitiative.ca\/International\/tombee-de-rideau-sur-le-programme-souss-launchpad\/","title":{"rendered":"Tomb\u00e9e de rideau sur le programme Souss Launchpad"},"content":{"rendered":"<figure class=\"post-thumbnail\" itemprop=\"associatedMedia\" itemscope=\"itemscope\" itemtype=\"http:\/\/schema.org\/ImageObject\"><img decoding=\"async\" class=\"post_layout_5_img\" src=\"http:\/\/aujourdhui.ma\/wp-content\/uploads\/2021\/05\/Souss-Launchpad.jpg\" alt=\"Tomb\u00e9e de rideau sur le programme Souss Launchpad\"\/><\/figure>\n<p><span class=\"c7\"><strong>Il a b\u00e9n\u00e9fici\u00e9 \u00e0 plus de 800 jeunes du Souss-Massa<\/strong><\/span><span id=\"more-375567\"\/><\/p>\n<p>Plus de 800 jeunes issus de la r\u00e9gion Souss-Massa ont b\u00e9n\u00e9fici\u00e9 durant quatre mois du projet \u00abSouss Launchpad\u00bb lanc\u00e9 par Enactus Morocco, en partenariat avec Unops, et financ\u00e9 par l\u2019Union europ\u00e9enne \u00e0 travers le programme Moucharaka Mouwatina. La c\u00e9r\u00e9monie de cl\u00f4ture de ce programme, qui s\u2019est d\u00e9roul\u00e9e vendredi \u00e0 Agadir, a \u00e9t\u00e9 marqu\u00e9e par l\u2019organisation d\u2019une table ronde sur la th\u00e9matique de l\u2019entrepreneuriat et l\u2019innovation sociale de la r\u00e9gion du Souss-Massa, en pr\u00e9sence des invit\u00e9s sp\u00e9ciaux de la r\u00e9gion qui ont enrichi la discussion autour de cette th\u00e9matique. Souss Launchpad s\u2019\u00e9tale sur quatre mois et ambitionne d\u2019accompagner les \u00e9tudiants de la r\u00e9gion du Souss-Massa, \u00e0 travers des formations et des s\u00e9minaires durant lesquels ils ont eu l\u2019opportunit\u00e9 d\u2019\u00e9changer et de d\u00e9velopper des projets \u00e0 impact social, sous le mentoring de plusieurs experts de la r\u00e9gion. La cible de ce programme, sont les jeunes de la r\u00e9gion Souss-Massa, \u00e2g\u00e9s entre 18 et 25 ans, poursuivant leurs \u00e9tudes sup\u00e9rieures \u00e0 Agadir, Taroudant et Ait Melloul.<\/p>\n<p>Lors du lancement du projet, 8 s\u00e9minaires ont \u00e9t\u00e9 organis\u00e9s \u00e0 distance \u00e0 Agadir et Ait Melloul, un \u00e9v\u00e9nement qui a vu la participation d\u2019environ 300 jeunes. \u00c0 travers les t\u00e9moignages et partages d\u2019exp\u00e9riences par des entrepreneurs locaux, ces conf\u00e9rences \u00e9taient une opportunit\u00e9 pour partager les coulisses du quotidien d\u2019un entrepreneur, ses histoires de succ\u00e8s et d\u2019\u00e9checs ainsi que des messages inspirants et des le\u00e7ons de vie pour ceux qui souhaitent entreprendre.<\/p>\n<p>Souss Launchpad a \u00e9t\u00e9 con\u00e7u dans l\u2019objectif d\u2019offrir \u00e0 ces jeunes une plate-forme de formation et d\u00e9veloppement, en mettant en place un programme gratuit de formation et de s\u00e9minaires, o\u00f9 ils ont eu l\u2019opportunit\u00e9 d\u2019\u00e9changer et d\u2019\u00eatre encadr\u00e9s par des professionnels et experts de diff\u00e9rents secteurs. \u00c0 travers la mise en \u0153uvre de ce projet, les initiateurs ont vis\u00e9 essentiellement l\u2019am\u00e9lioration de l\u2019employabilit\u00e9 et l\u2019initiation de 800 jeunes \u00e9tudiants universitaires de la r\u00e9gion \u00e0 l\u2019entrepreneuriat social, aider le d\u00e9veloppement de 40 projets d\u2019entreprises sociales et appuyer la cr\u00e9ation et le d\u00e9veloppement de 10 entreprises sociales.<\/p>\n<p>Le projet Souss Launchpad s\u2019inscrit dans le cadre du programme Moucharaka Mouwatina qui appuie les initiatives de la soci\u00e9t\u00e9 civile dans les domaines de la jeunesse, de l\u2019\u00e9galit\u00e9 femmes \u2013 hommes et de l\u2019environnement et se d\u00e9ploie au niveau r\u00e9gional, \u00e0 travers quatre bureaux dans les r\u00e9gions pilotes de Casablanca-Settat, l\u2019Oriental, Souss-Massa et Tanger-T\u00e9touan-Al Hoceima. Ce dernier entend accompagner ces r\u00e9formes et renforcer la contribution effective des organisations de la soci\u00e9t\u00e9 civile marocaine \u00e0 la consolidation de l\u2019Etat de droit, \u00e0 la d\u00e9mocratisation et au d\u00e9veloppement socio-\u00e9conomique du pays. Plus particuli\u00e8rement, le programme vise \u00e0 am\u00e9liorer l\u2019environnement institutionnel et l\u00e9gal des organisations de la soci\u00e9t\u00e9 civile marocaine et \u00e0 promouvoir leur l\u2019implication dans la d\u00e9finition, la mise en \u0153uvre, le suivi et l\u2019\u00e9valuation des politiques publiques.<\/p>\n<p>Auteur: Mohamed Laabid<br \/>\n<a href=\"https:\/\/aujourdhui.ma\/economie\/tombee-de-rideau-sur-le-programme-souss-launchpad\">Cliquez ici pour lire l&rsquo;article depuis sa source.<\/a><\/p>\n","protected":false},"excerpt":{"rendered":"<p>Il a b\u00e9n\u00e9fici\u00e9 \u00e0 plus de 800 jeunes du Souss-Massa Plus de 800 jeunes issus de la r\u00e9gion Souss-Massa ont b\u00e9n\u00e9fici\u00e9 durant quatre mois du projet \u00abSouss Launchpad\u00bb lanc\u00e9 par Enactus Morocco, en partenariat avec Unops, et financ\u00e9 par l\u2019Union europ\u00e9enne \u00e0 travers le programme Moucharaka Mouwatina. La c\u00e9r\u00e9monie de cl\u00f4ture de ce programme, qui [&hellip;]<\/p>\n","protected":false},"author":1759,"featured_media":0,"comment_status":"closed","ping_status":"closed","sticky":false,"template":"","format":"standard","meta":{"fifu_image_url":"http:\/\/aujourdhui.ma\/wp-content\/uploads\/2021\/05\/Souss-Launchpad.jpg","fifu_image_alt":"Tomb\u00e9e de rideau sur le programme Souss Launchpad","footnotes":""},"categories":[73,54],"tags":[],"class_list":["post-116125","post","type-post","status-publish","format-standard","hentry","category-actualite","category-maroc"],"_links":{"self":[{"href":"https:\/\/linitiative.ca\/International\/wp-json\/wp\/v2\/posts\/116125","targetHints":{"allow":["GET"]}}],"collection":[{"href":"https:\/\/linitiative.ca\/International\/wp-json\/wp\/v2\/posts"}],"about":[{"href":"https:\/\/linitiative.ca\/International\/wp-json\/wp\/v2\/types\/post"}],"author":[{"embeddable":true,"href":"https:\/\/linitiative.ca\/International\/wp-json\/wp\/v2\/users\/1759"}],"replies":[{"embeddable":true,"href":"https:\/\/linitiative.ca\/International\/wp-json\/wp\/v2\/comments?post=116125"}],"version-history":[{"count":0,"href":"https:\/\/linitiative.ca\/International\/wp-json\/wp\/v2\/posts\/116125\/revisions"}],"wp:attachment":[{"href":"https:\/\/linitiative.ca\/International\/wp-json\/wp\/v2\/media?parent=116125"}],"wp:term":[{"taxonomy":"category","embeddable":true,"href":"https:\/\/linitiative.ca\/International\/wp-json\/wp\/v2\/categories?post=116125"},{"taxonomy":"post_tag","embeddable":true,"href":"https:\/\/linitiative.ca\/International\/wp-json\/wp\/v2\/tags?post=116125"}],"curies":[{"name":"wp","href":"https:\/\/api.w.org\/{rel}","templated":true}]}}