{"id":116126,"date":"2021-05-04T09:33:30","date_gmt":"2021-05-04T13:33:30","guid":{"rendered":"https:\/\/linitiative.ca\/International\/international-barca-un-indice-de-taille-dans-le-dossier-depay\/"},"modified":"2021-05-04T09:33:30","modified_gmt":"2021-05-04T13:33:30","slug":"international-barca-un-indice-de-taille-dans-le-dossier-depay","status":"publish","type":"post","link":"https:\/\/linitiative.ca\/International\/international-barca-un-indice-de-taille-dans-le-dossier-depay\/","title":{"rendered":"International : Bar\u00e7a : Un indice de taille dans le dossier Depay"},"content":{"rendered":"<div readability=\"32\">\n<p>Auteur : <span class=\"time\">mardi 04 mai 2021 13:38<\/span><\/p>\n<\/div>\n<div id=\"post_core\" readability=\"55\">\n<p>Surtout si l&rsquo;OL ne se qualifie pas pour la prochaine Ligue des Champions comme le souligne Les-Transferts.<\/p>\n<p>D\u2019ailleurs, si l\u2019on en croit le m\u00e9dia ib\u00e9rique El Mundo Deportivo, l\u2019ancien joueur du PSV ou encore Manchester United aurait d\u00e9j\u00e0 fait son choix pour la saison prochaine et sans surprise, il devrait rejoindre le FC Barcelone.<\/p>\n<p>En effet, cette m\u00eame source a pr\u00e9cise que l\u2019int\u00e9ress\u00e9 se serait rendu \u00e0 Barcelone avec sa famille et des amis proche, la semaine pass\u00e9e, pour se trouver un nouveau logement.<\/p>\n<p>L\u2019agent du joueur aurait lui rencontr\u00e9 Mateu Alemany, le directeur du football catalan, ces derniers jours pour avancer sur ce transfert.<\/p>\n<p>Depay a inscrit 19 buts et d\u00e9livr\u00e9 10 passes d\u00e9cisives en 35 matchs de championnat, cette saison.<\/p>\n<p><strong>Publi\u00e9 dans :<\/strong> <span>Depay<\/span><\/p>\n<\/div>\n<p>Auteur:<br \/>\n<a href=\"http:\/\/www.lebuteur.com\/article\/detail?titre=barca-un-indice-de-taille-dans-le-dossier-depay&#038;id=99941&#038;utm_source=feedburner&#038;utm_medium=feed&#038;utm_campaign=Feed%3A+GalerieFArtciles+%28Les+derniers+articles++-+lebuteur.com%29\">Cliquez ici pour lire l&rsquo;article depuis sa source.<\/a><\/p>\n","protected":false},"excerpt":{"rendered":"<p>Auteur : mardi 04 mai 2021 13:38 Surtout si l&rsquo;OL ne se qualifie pas pour la prochaine Ligue des Champions comme le souligne Les-Transferts. D\u2019ailleurs, si l\u2019on en croit le m\u00e9dia ib\u00e9rique El Mundo Deportivo, l\u2019ancien joueur du PSV ou encore Manchester United aurait d\u00e9j\u00e0 fait son choix pour la saison prochaine et sans surprise, [&hellip;]<\/p>\n","protected":false},"author":1738,"featured_media":0,"comment_status":"closed","ping_status":"closed","sticky":false,"template":"","format":"standard","meta":{"fifu_image_url":"\/\/cdn.lebuteur.com\/data\/images\/article\/thumbs\/large-barca-un-indice-de-taille-dans-le-dossier-depay-61a70.jpg","fifu_image_alt":"International : Bar\u00e7a : Un indice de taille dans le dossier Depay","footnotes":""},"categories":[53,75],"tags":[],"class_list":["post-116126","post","type-post","status-publish","format-standard","hentry","category-algerie","category-sport"],"_links":{"self":[{"href":"https:\/\/linitiative.ca\/International\/wp-json\/wp\/v2\/posts\/116126","targetHints":{"allow":["GET"]}}],"collection":[{"href":"https:\/\/linitiative.ca\/International\/wp-json\/wp\/v2\/posts"}],"about":[{"href":"https:\/\/linitiative.ca\/International\/wp-json\/wp\/v2\/types\/post"}],"author":[{"embeddable":true,"href":"https:\/\/linitiative.ca\/International\/wp-json\/wp\/v2\/users\/1738"}],"replies":[{"embeddable":true,"href":"https:\/\/linitiative.ca\/International\/wp-json\/wp\/v2\/comments?post=116126"}],"version-history":[{"count":0,"href":"https:\/\/linitiative.ca\/International\/wp-json\/wp\/v2\/posts\/116126\/revisions"}],"wp:attachment":[{"href":"https:\/\/linitiative.ca\/International\/wp-json\/wp\/v2\/media?parent=116126"}],"wp:term":[{"taxonomy":"category","embeddable":true,"href":"https:\/\/linitiative.ca\/International\/wp-json\/wp\/v2\/categories?post=116126"},{"taxonomy":"post_tag","embeddable":true,"href":"https:\/\/linitiative.ca\/International\/wp-json\/wp\/v2\/tags?post=116126"}],"curies":[{"name":"wp","href":"https:\/\/api.w.org\/{rel}","templated":true}]}}