{"id":116129,"date":"2021-05-04T08:49:32","date_gmt":"2021-05-04T12:49:32","guid":{"rendered":"https:\/\/linitiative.ca\/International\/tiznit-aura-sa-faculte\/"},"modified":"2021-05-04T08:49:32","modified_gmt":"2021-05-04T12:49:32","slug":"tiznit-aura-sa-faculte","status":"publish","type":"post","link":"https:\/\/linitiative.ca\/International\/tiznit-aura-sa-faculte\/","title":{"rendered":"Tiznit aura sa facult\u00e9"},"content":{"rendered":"<figure class=\"post-thumbnail\" itemprop=\"associatedMedia\" itemscope=\"itemscope\" itemtype=\"http:\/\/schema.org\/ImageObject\"><img decoding=\"async\" class=\"post_layout_5_img\" src=\"http:\/\/aujourdhui.ma\/wp-content\/uploads\/2021\/05\/Tiznit.jpg\" alt=\"Tiznit aura sa facult\u00e9\"\/><\/figure>\n<p><span class=\"c7\"><strong>Sp\u00e9cialis\u00e9e dans l\u2019\u00e9conomie de management et le d\u00e9veloppement durable<\/strong><\/span><span id=\"more-375616\"\/><\/p>\n<p><span class=\"c8\">Le projet de cr\u00e9ation d\u2019une facult\u00e9 \u00e0 Tiznit est dict\u00e9 par l\u2019absence de structures universitaires dans la ville de Tiznit et ceci malgr\u00e9 la position strat\u00e9gique qu\u2019elle occupe.<\/span><\/p>\n<p>Le projet d\u2019une Facult\u00e9 d\u2019\u00e9conomie de management et du d\u00e9veloppement durable (FEMDD) \u00e0 Tiznit avance. L\u2019architecte Farid Ahchmoud accompagnera l\u2019Universit\u00e9 Ibn Zohr pour la conception et le suivi des travaux de construction de cet \u00e9tablissement premier de son genre dans la province de Tiznit.<br \/>Dans les d\u00e9tails le jury institu\u00e9 par l\u2019Universit\u00e9 Ibn Zohr qui a d\u00e9j\u00e0 lanc\u00e9 un appel d\u2019offres pour la conception et le suivi des travaux de la FEMDD a appr\u00e9ci\u00e9 les capacit\u00e9s de l\u2019architecte Farid Ahchmoud au vu des \u00e9l\u00e9ments contenus dans son projet , ses propositions financi\u00e8res, ses estimations sommaires et calendrier d\u2019\u00e9tablissement des \u00e9tudes architecturales ainsi que son dossier administratif.<\/p>\n<p>Ce dernier a obtenu la note globale la plus \u00e9lev\u00e9e parmi les cinq architectes retenus et ce conform\u00e9ment \u00e0 l\u2019article l6 du r\u00e8glement du concours. L\u2019examen des offres a \u00e9t\u00e9 effectu\u00e9 conform\u00e9ment aux stipulations des articles 97,122,123 et 124 de r\u00e8glement relatif aux conditions et formes de passations des march\u00e9s de l\u2018Universit\u00e9 Ibn Zohr.<br \/>R\u00e9alis\u00e9e avec l\u2019appui du minist\u00e8re de tutelle, le conseil urbain et le conseil provincial de la province de Tiznit et la direction des eaux et for\u00eats, la construction de cette facult\u00e9 s\u2019inscrit dans le cadre de l\u2019ambitieux projet \u00abVillage de la connaissance\u00bb, port\u00e9 par l\u2019Universit\u00e9 Ibn Zohr d\u2019Agadir avec ses partenaires locaux.<br \/>La construction de cette nouvelle structure a pour objectif d\u2019accompagner les diff\u00e9rentes r\u00e9formes que conna\u00eet le secteur de la formation et de l\u2019\u00e9ducation, relatives \u00e0 la d\u00e9centralisation et la cr\u00e9ation d\u2019entit\u00e9s universitaires r\u00e9pondant en mati\u00e8re de formation aux besoins r\u00e9gionaux.<br \/>En effet, le projet de cr\u00e9ation d\u2019une facult\u00e9 \u00e0 Tiznit, propos\u00e9 par le conseil de l\u2019Universit\u00e9 d\u2019Ibn Zohr du 8 mars 2019, est dict\u00e9 par l\u2019absence de structures universitaires dans la ville de Tiznit, et ceci malgr\u00e9 la position strat\u00e9gique qu\u2019elle occupe, le rapprochement de la structure universitaire du lieu de r\u00e9sidence des \u00e9tudiants, la disponibilit\u00e9 d\u2019une r\u00e9serve fonci\u00e8re et la participation \u00e0 l\u2019animation socio-\u00e9conomique et culturelle de la r\u00e9gion.<\/p>\n<p>Celle-ci jouera le r\u00f4le de locomotive de d\u00e9veloppement en assurant la formation de personnels qui vont contribuer \u00e0 la mise en valeur du tissu \u00e9conomique r\u00e9gional en augmentant l\u2019attractivit\u00e9 du territoire \u00e0 travers une plate-forme dynamique d\u00e9di\u00e9e \u00e0 la formation de ressources humaines en ad\u00e9quation avec les sp\u00e9cificit\u00e9s du territoire.<br \/>Cette cr\u00e9ation se justifie par l\u2019augmentation continue des nouveaux bacheliers, la d\u00e9congestion des facult\u00e9s \u00e0 acc\u00e8s ouvert d\u2019Agadir, ainsi que la disponibilit\u00e9 du patrimoine. La conception de ce projet prendra en compte les valeurs port\u00e9es par cet \u00e9tablissement \u00e0 savoir, la production et la diffusion du savoir, la promotion de la cr\u00e9ation, de l\u2019innovation et de l\u2019excellence et le respect de l\u2019environnement. Le terrain destin\u00e9 \u00e0 recevoir la FEMDD est un terrain des eaux et for\u00eats qui se situe dans la for\u00eat de Moano sur la route d\u2019Aglou. Il est d\u2019une superficie totale de 40ha. Celle-ci sera \u00e9difi\u00e9e sur 4ha.<\/p>\n<p>Auteur: Mohamed Laabid<br \/>\n<a href=\"https:\/\/aujourdhui.ma\/societe\/tiznit-aura-sa-faculte\">Cliquez ici pour lire l&rsquo;article depuis sa source.<\/a><\/p>\n","protected":false},"excerpt":{"rendered":"<p>Sp\u00e9cialis\u00e9e dans l\u2019\u00e9conomie de management et le d\u00e9veloppement durable Le projet de cr\u00e9ation d\u2019une facult\u00e9 \u00e0 Tiznit est dict\u00e9 par l\u2019absence de structures universitaires dans la ville de Tiznit et ceci malgr\u00e9 la position strat\u00e9gique qu\u2019elle occupe. Le projet d\u2019une Facult\u00e9 d\u2019\u00e9conomie de management et du d\u00e9veloppement durable (FEMDD) \u00e0 Tiznit avance. L\u2019architecte Farid Ahchmoud [&hellip;]<\/p>\n","protected":false},"author":1759,"featured_media":0,"comment_status":"closed","ping_status":"closed","sticky":false,"template":"","format":"standard","meta":{"fifu_image_url":"http:\/\/aujourdhui.ma\/wp-content\/uploads\/2021\/05\/Tiznit.jpg","fifu_image_alt":"Tiznit aura sa facult\u00e9","footnotes":""},"categories":[73,54],"tags":[],"class_list":["post-116129","post","type-post","status-publish","format-standard","hentry","category-actualite","category-maroc"],"_links":{"self":[{"href":"https:\/\/linitiative.ca\/International\/wp-json\/wp\/v2\/posts\/116129","targetHints":{"allow":["GET"]}}],"collection":[{"href":"https:\/\/linitiative.ca\/International\/wp-json\/wp\/v2\/posts"}],"about":[{"href":"https:\/\/linitiative.ca\/International\/wp-json\/wp\/v2\/types\/post"}],"author":[{"embeddable":true,"href":"https:\/\/linitiative.ca\/International\/wp-json\/wp\/v2\/users\/1759"}],"replies":[{"embeddable":true,"href":"https:\/\/linitiative.ca\/International\/wp-json\/wp\/v2\/comments?post=116129"}],"version-history":[{"count":0,"href":"https:\/\/linitiative.ca\/International\/wp-json\/wp\/v2\/posts\/116129\/revisions"}],"wp:attachment":[{"href":"https:\/\/linitiative.ca\/International\/wp-json\/wp\/v2\/media?parent=116129"}],"wp:term":[{"taxonomy":"category","embeddable":true,"href":"https:\/\/linitiative.ca\/International\/wp-json\/wp\/v2\/categories?post=116129"},{"taxonomy":"post_tag","embeddable":true,"href":"https:\/\/linitiative.ca\/International\/wp-json\/wp\/v2\/tags?post=116129"}],"curies":[{"name":"wp","href":"https:\/\/api.w.org\/{rel}","templated":true}]}}