{"id":116130,"date":"2021-05-04T09:33:36","date_gmt":"2021-05-04T13:33:36","guid":{"rendered":"https:\/\/linitiative.ca\/International\/international-juventus-une-piste-moins-prestigieuse-pour-la-fin-de-carriere-de-ronaldo\/"},"modified":"2021-05-04T09:33:36","modified_gmt":"2021-05-04T13:33:36","slug":"international-juventus-une-piste-moins-prestigieuse-pour-la-fin-de-carriere-de-ronaldo","status":"publish","type":"post","link":"https:\/\/linitiative.ca\/International\/international-juventus-une-piste-moins-prestigieuse-pour-la-fin-de-carriere-de-ronaldo\/","title":{"rendered":"International : Juventus : Une piste moins prestigieuse pour la fin de carri\u00e8re de Ronaldo ?"},"content":{"rendered":"<div readability=\"32\">\n<p>Auteur : <span class=\"time\">mardi 04 mai 2021 13:42<\/span><\/p>\n<\/div>\n<div id=\"post_core\" readability=\"51\">\n<p>A en croire le journaliste italien Claudio Raimondi, CR7 devrait retourner dans son pays natal, et finir sa carri\u00e8re dans son club formateur, le Sporting Lisbonne.<\/p>\n<p>Durant l\u2019\u00e9mission Pressing, de la cha\u00eene italienne Sport Mediaset, Claudio Raimondi\u00a0avan\u00e7ait que \u00ab\u00a0Cristiano n&rsquo;a pas l&rsquo;intention de quitter la Juventus, il veut terminer son cycle \u00e0 la Juventus et ensuite jouer pendant deux ans au Sporting\u00a0\u00bb. Avant de balayer les autres rumeurs \u00ab\u00a0Il n\u2019y a aucune chance pour un retour au Real Madrid, et Manchester United n\u2019a pas la force financi\u00e8re pour ce transfert \u00ab\u00a0. Des propos relay\u00e9s par Onzemondial.<\/p>\n<p>Tr\u00e8s attach\u00e9 \u00e0 son club formateur, le retour du portugais l\u00e0 o\u00f9 tout a commenc\u00e9 semble donc possible. Peut-\u00eatre une belle mani\u00e8re pour Cristiano Ronaldo de boucler la boucle, avant de raccrocher les crampons.<\/p>\n<p><strong>Publi\u00e9 dans :<\/strong> <span>ronaldo<\/span><\/p>\n<\/div>\n<p>Auteur:<br \/>\n<a href=\"http:\/\/www.lebuteur.com\/article\/detail?titre=juventus-une-piste-moins-prestigieuse-pour-la-fin-de-carriere-de-ronaldo&#038;id=99942&#038;utm_source=feedburner&#038;utm_medium=feed&#038;utm_campaign=Feed%3A+GalerieFArtciles+%28Les+derniers+articles++-+lebuteur.com%29\">Cliquez ici pour lire l&rsquo;article depuis sa source.<\/a><\/p>\n","protected":false},"excerpt":{"rendered":"<p>Auteur : mardi 04 mai 2021 13:42 A en croire le journaliste italien Claudio Raimondi, CR7 devrait retourner dans son pays natal, et finir sa carri\u00e8re dans son club formateur, le Sporting Lisbonne. Durant l\u2019\u00e9mission Pressing, de la cha\u00eene italienne Sport Mediaset, Claudio Raimondi\u00a0avan\u00e7ait que \u00ab\u00a0Cristiano n&rsquo;a pas l&rsquo;intention de quitter la Juventus, il veut [&hellip;]<\/p>\n","protected":false},"author":1738,"featured_media":0,"comment_status":"closed","ping_status":"closed","sticky":false,"template":"","format":"standard","meta":{"fifu_image_url":"\/\/cdn.lebuteur.com\/data\/images\/article\/thumbs\/large-juventus-une-piste-moins-prestigieuse-pour-la-fin-de-carriere-de-ronaldo-0f8d5.jpg","fifu_image_alt":"International : Juventus : Une piste moins prestigieuse pour la fin de carri\u00e8re de Ronaldo ?","footnotes":""},"categories":[53,75],"tags":[],"class_list":["post-116130","post","type-post","status-publish","format-standard","hentry","category-algerie","category-sport"],"_links":{"self":[{"href":"https:\/\/linitiative.ca\/International\/wp-json\/wp\/v2\/posts\/116130","targetHints":{"allow":["GET"]}}],"collection":[{"href":"https:\/\/linitiative.ca\/International\/wp-json\/wp\/v2\/posts"}],"about":[{"href":"https:\/\/linitiative.ca\/International\/wp-json\/wp\/v2\/types\/post"}],"author":[{"embeddable":true,"href":"https:\/\/linitiative.ca\/International\/wp-json\/wp\/v2\/users\/1738"}],"replies":[{"embeddable":true,"href":"https:\/\/linitiative.ca\/International\/wp-json\/wp\/v2\/comments?post=116130"}],"version-history":[{"count":0,"href":"https:\/\/linitiative.ca\/International\/wp-json\/wp\/v2\/posts\/116130\/revisions"}],"wp:attachment":[{"href":"https:\/\/linitiative.ca\/International\/wp-json\/wp\/v2\/media?parent=116130"}],"wp:term":[{"taxonomy":"category","embeddable":true,"href":"https:\/\/linitiative.ca\/International\/wp-json\/wp\/v2\/categories?post=116130"},{"taxonomy":"post_tag","embeddable":true,"href":"https:\/\/linitiative.ca\/International\/wp-json\/wp\/v2\/tags?post=116130"}],"curies":[{"name":"wp","href":"https:\/\/api.w.org\/{rel}","templated":true}]}}