{"id":116131,"date":"2021-05-04T06:00:00","date_gmt":"2021-05-04T10:00:00","guid":{"rendered":"https:\/\/linitiative.ca\/International\/ton-nom-liberte-de-la-presse\/"},"modified":"2021-05-04T06:00:00","modified_gmt":"2021-05-04T10:00:00","slug":"ton-nom-liberte-de-la-presse","status":"publish","type":"post","link":"https:\/\/linitiative.ca\/International\/ton-nom-liberte-de-la-presse\/","title":{"rendered":"Ton nom, Libert\u00e9 de la presse"},"content":{"rendered":"<p class=\"c3\">3 mai, Journ\u00e9e internationale de la libert\u00e9 de la presse. Sp\u00e9ciale d\u00e9dicace cette ann\u00e9e\u00a0 :\u00a0 Rabah Kareche, correspondant de Libert\u00e9 \u00e0 Tamanrasset. Il doit f\u00eater \u00e7a au fond d\u2019une ge\u00f4le de la R\u00e9publique o\u00f9 tr\u00f4ne la libert\u00e9 de la presse.<br \/>A. T.<\/p>\n<p>Auteur:<br \/>\n<a href=\"https:\/\/www.lesoirdalgerie.com\/digoutage\/ton-nom-liberte-de-la-presse-60586\">Cliquez ici pour lire l&rsquo;article depuis sa source.<\/a><\/p>\n","protected":false},"excerpt":{"rendered":"<p>3 mai, Journ\u00e9e internationale de la libert\u00e9 de la presse. Sp\u00e9ciale d\u00e9dicace cette ann\u00e9e\u00a0 :\u00a0 Rabah Kareche, correspondant de Libert\u00e9 \u00e0 Tamanrasset. Il doit f\u00eater \u00e7a au fond d\u2019une ge\u00f4le de la R\u00e9publique o\u00f9 tr\u00f4ne la libert\u00e9 de la presse.A. T. Auteur: Cliquez ici pour lire l&rsquo;article depuis sa source.<\/p>\n","protected":false},"author":1741,"featured_media":0,"comment_status":"closed","ping_status":"closed","sticky":false,"template":"","format":"standard","meta":{"fifu_image_url":"","fifu_image_alt":"","footnotes":""},"categories":[73,53],"tags":[],"class_list":["post-116131","post","type-post","status-publish","format-standard","hentry","category-actualite","category-algerie"],"_links":{"self":[{"href":"https:\/\/linitiative.ca\/International\/wp-json\/wp\/v2\/posts\/116131","targetHints":{"allow":["GET"]}}],"collection":[{"href":"https:\/\/linitiative.ca\/International\/wp-json\/wp\/v2\/posts"}],"about":[{"href":"https:\/\/linitiative.ca\/International\/wp-json\/wp\/v2\/types\/post"}],"author":[{"embeddable":true,"href":"https:\/\/linitiative.ca\/International\/wp-json\/wp\/v2\/users\/1741"}],"replies":[{"embeddable":true,"href":"https:\/\/linitiative.ca\/International\/wp-json\/wp\/v2\/comments?post=116131"}],"version-history":[{"count":0,"href":"https:\/\/linitiative.ca\/International\/wp-json\/wp\/v2\/posts\/116131\/revisions"}],"wp:attachment":[{"href":"https:\/\/linitiative.ca\/International\/wp-json\/wp\/v2\/media?parent=116131"}],"wp:term":[{"taxonomy":"category","embeddable":true,"href":"https:\/\/linitiative.ca\/International\/wp-json\/wp\/v2\/categories?post=116131"},{"taxonomy":"post_tag","embeddable":true,"href":"https:\/\/linitiative.ca\/International\/wp-json\/wp\/v2\/tags?post=116131"}],"curies":[{"name":"wp","href":"https:\/\/api.w.org\/{rel}","templated":true}]}}