{"id":116134,"date":"2021-05-04T09:00:01","date_gmt":"2021-05-04T13:00:01","guid":{"rendered":"https:\/\/linitiative.ca\/International\/la-ceinture-verte-de-rabat-bientot-equipee-dun-systeme-de-videosurveillance-sophistique\/"},"modified":"2021-05-04T09:00:01","modified_gmt":"2021-05-04T13:00:01","slug":"la-ceinture-verte-de-rabat-bientot-equipee-dun-systeme-de-videosurveillance-sophistique","status":"publish","type":"post","link":"https:\/\/linitiative.ca\/International\/la-ceinture-verte-de-rabat-bientot-equipee-dun-systeme-de-videosurveillance-sophistique\/","title":{"rendered":"La ceinture verte de Rabat bient\u00f4t \u00e9quip\u00e9e d\u2019un syst\u00e8me de vid\u00e9osurveillance sophistiqu\u00e9"},"content":{"rendered":"<header>\n<\/header>\n<div class=\"entry-content clearfix\" readability=\"60\">\n<figure class=\"post-thumbnail\" itemprop=\"associatedMedia\" itemscope=\"itemscope\" itemtype=\"http:\/\/schema.org\/ImageObject\"><img decoding=\"async\" class=\"post_layout_5_img\" src=\"http:\/\/aujourdhui.ma\/wp-content\/uploads\/2016\/05\/Jardin-.jpg\" alt=\"La ceinture verte de Rabat bient\u00f4t \u00e9quip\u00e9e d\u2019un syst\u00e8me de vid\u00e9osurveillance sophistiqu\u00e9\"\/><\/figure>\n<p><span class=\"c7\"><strong>Pour garantir une plus grande s\u00e9curisation des biens et des personnes<\/strong><\/span><span id=\"more-375555\"\/><\/p>\n<p>Apr\u00e8s Casablanca, c\u2019est la ville de Rabat qui sera dot\u00e9e prochainement d\u2019un syst\u00e8me de vid\u00e9o-surveillance bien d\u00e9velopp\u00e9 pour garantir une plus grande s\u00e9curisation des biens et des personnes dans les endroits \u00e0 risques. C\u2019est ce qu\u2019indique un appel d\u2019offres lanc\u00e9 par la Soci\u00e9t\u00e9 Rabat R\u00e9gion Am\u00e9nagement, relatif \u00e0 pr\u00e9senter les \u00e9tudes et suivi des travaux de mise en place d\u2019un syst\u00e8me de surveillance de l\u2019ensemble du territoire de la ceinture verte de Rabat, dont la s\u00e9ance de l\u2019ouverture des plis est fix\u00e9e au plus tard le 11 mai 2021. Selon le cahier des charges, le co\u00fbt des prestations est estim\u00e9 \u00e0 360.000.00 DH (trois cent soixante mille dirhams).<\/p>\n<p>Dans ce cadre, l\u2019\u00e9tude qui devrait \u00eatrepr\u00e9sent\u00e9e par le prestataire doit prendre en consid\u00e9ration, selon le document, \u00abla protection des biens et des personnes dans les endroits \u00e0 risques et avec des outils sophistiqu\u00e9s. Elle devrait \u00e9galement mettre en place un dispositif de pr\u00e9vention et de lutte contre les incendies de for\u00eats de la ceinture verte de Rabat via des cam\u00e9ras sp\u00e9cifiques et dans les endroits strat\u00e9giques. De m\u00eame, elle portera sur l\u2019am\u00e9nagement d\u2019une salle des op\u00e9rations et de commandes avec une technologie novatrice et int\u00e9gration de l\u2019approche des utilisations des \u00e9nergies renouvelables pour la bonne marche des \u00e9quipements\u00bb.<\/p>\n<p>Pour rappel, la ceinture verte de Rabat a \u00e9t\u00e9 cr\u00e9\u00e9e en 1984 suite aux Hautes directives de Feu SM le Roi Hassan II, dans le but d\u2019arr\u00eater la croissance urbaine des villes de Rabat et T\u00e9mara et de cr\u00e9er des espaces bois\u00e9s jouant des r\u00f4les paysager, \u00e9cologique et environnemental. V\u00e9ritable poumon de la capitale, cette for\u00eat p\u00e9riurbaine s\u2019\u00e9tend sur une superficie de 1.200 hectares allant de Rabat \u00e0 T\u00e9mara sur une distance de 10 kilom\u00e8tres born\u00e9e par le littoral Atlantique et la route nationale menant \u00e0 T\u00e9mara. Des ONG de la d\u00e9fense de la nature comme l\u2019Association El Fath militent depuis plusieurs ann\u00e9es pour la protection de cette ceinture verte, la plus grande du Royaume.<\/p>\n<\/div>\n<p>Auteur: Siham Jadraoui<br \/>\n<a href=\"https:\/\/aujourdhui.ma\/societe\/la-ceinture-verte-de-rabat-bientot-equipee-dun-systeme-de-videosurveillance-sophistique\">Cliquez ici pour lire l&rsquo;article depuis sa source.<\/a><\/p>\n","protected":false},"excerpt":{"rendered":"<p>Pour garantir une plus grande s\u00e9curisation des biens et des personnes Apr\u00e8s Casablanca, c\u2019est la ville de Rabat qui sera dot\u00e9e prochainement d\u2019un syst\u00e8me de vid\u00e9o-surveillance bien d\u00e9velopp\u00e9 pour garantir une plus grande s\u00e9curisation des biens et des personnes dans les endroits \u00e0 risques. C\u2019est ce qu\u2019indique un appel d\u2019offres lanc\u00e9 par la Soci\u00e9t\u00e9 Rabat [&hellip;]<\/p>\n","protected":false},"author":1759,"featured_media":0,"comment_status":"closed","ping_status":"closed","sticky":false,"template":"","format":"standard","meta":{"fifu_image_url":"http:\/\/aujourdhui.ma\/wp-content\/uploads\/2016\/05\/Jardin-.jpg","fifu_image_alt":"La ceinture verte de Rabat bient\u00f4t \u00e9quip\u00e9e d\u2019un syst\u00e8me de vid\u00e9osurveillance sophistiqu\u00e9","footnotes":""},"categories":[73,54],"tags":[],"class_list":["post-116134","post","type-post","status-publish","format-standard","hentry","category-actualite","category-maroc"],"_links":{"self":[{"href":"https:\/\/linitiative.ca\/International\/wp-json\/wp\/v2\/posts\/116134","targetHints":{"allow":["GET"]}}],"collection":[{"href":"https:\/\/linitiative.ca\/International\/wp-json\/wp\/v2\/posts"}],"about":[{"href":"https:\/\/linitiative.ca\/International\/wp-json\/wp\/v2\/types\/post"}],"author":[{"embeddable":true,"href":"https:\/\/linitiative.ca\/International\/wp-json\/wp\/v2\/users\/1759"}],"replies":[{"embeddable":true,"href":"https:\/\/linitiative.ca\/International\/wp-json\/wp\/v2\/comments?post=116134"}],"version-history":[{"count":0,"href":"https:\/\/linitiative.ca\/International\/wp-json\/wp\/v2\/posts\/116134\/revisions"}],"wp:attachment":[{"href":"https:\/\/linitiative.ca\/International\/wp-json\/wp\/v2\/media?parent=116134"}],"wp:term":[{"taxonomy":"category","embeddable":true,"href":"https:\/\/linitiative.ca\/International\/wp-json\/wp\/v2\/categories?post=116134"},{"taxonomy":"post_tag","embeddable":true,"href":"https:\/\/linitiative.ca\/International\/wp-json\/wp\/v2\/tags?post=116134"}],"curies":[{"name":"wp","href":"https:\/\/api.w.org\/{rel}","templated":true}]}}