{"id":116136,"date":"2021-05-04T07:10:09","date_gmt":"2021-05-04T11:10:09","guid":{"rendered":"https:\/\/linitiative.ca\/International\/meteo-averses-orageuses-sur-plusieurs-wilayas-a-partir-de-mardi-soir\/"},"modified":"2021-05-04T07:10:09","modified_gmt":"2021-05-04T11:10:09","slug":"meteo-averses-orageuses-sur-plusieurs-wilayas-a-partir-de-mardi-soir","status":"publish","type":"post","link":"https:\/\/linitiative.ca\/International\/meteo-averses-orageuses-sur-plusieurs-wilayas-a-partir-de-mardi-soir\/","title":{"rendered":"M\u00e9t\u00e9o : Averses orageuses sur plusieurs wilayas \u00e0 partir de mardi soir"},"content":{"rendered":"<h4 class=\"title-14\"\/>\n<div class=\"featured_image\"><img loading=\"lazy\" decoding=\"async\" width=\"900\" height=\"563\" src=\"https:\/\/www.elwatan.com\/wp-content\/uploads\/2021\/05\/Averses-orageuses-e1620126914438.jpeg\" class=\"attachment-post-thumbnail size-post-thumbnail wp-post-image\" alt=\"\"\/> <span class=\"featured-image-caption\">Photo : D. R.<\/span><\/div>\n<p><strong><em>Des pluies sous forme d\u2019averses orageuses affecteront plusieurs wilayas du pays \u00e0 partir de mardi 4 mai au soir, indique un communiqu\u00e9 des services de l\u2019Office national de m\u00e9t\u00e9orologie (ONM).<\/em><\/strong><\/p>\n<p>Le communiqu\u00e9 qui fait \u00e9tat d\u2019un niveau d\u2019alerte 1 (jaune), pr\u00e9voit des pluies sous forme d\u2019averses orageuses dans les wilayas de Laghouat, B\u00e9char, Djelfa, El-Bayadh, Naama et Gharda\u00efa.<\/p>\n<p><span class=\"post-views-label\">Post Views:<\/span> <span class=\"post-views-count\">167<\/span><\/p>\n<p><br class=\"c3\"\/><\/p>\n<div class=\"ichhar-moneytagnative c5\" id=\"ichhar-1099188548\">\n<p>Advertisements<\/p>\n<\/div>\n<p><br class=\"c3\"\/><br \/>\n<br class=\"c6\"\/><\/p>\n<p>Auteur: Mohand Yahiaoui<br \/>\n<a href=\"https:\/\/www.elwatan.com\/edition\/actualite\/meteo-averses-orageuses-sur-plusieurs-wilayas-a-partir-de-mardi-soir-04-05-2021\">Cliquez ici pour lire l&rsquo;article depuis sa source.<\/a><\/p>\n","protected":false},"excerpt":{"rendered":"<p>Photo : D. R. Des pluies sous forme d\u2019averses orageuses affecteront plusieurs wilayas du pays \u00e0 partir de mardi 4 mai au soir, indique un communiqu\u00e9 des services de l\u2019Office national de m\u00e9t\u00e9orologie (ONM). Le communiqu\u00e9 qui fait \u00e9tat d\u2019un niveau d\u2019alerte 1 (jaune), pr\u00e9voit des pluies sous forme d\u2019averses orageuses dans les wilayas de [&hellip;]<\/p>\n","protected":false},"author":1743,"featured_media":0,"comment_status":"closed","ping_status":"closed","sticky":false,"template":"","format":"standard","meta":{"fifu_image_url":"https:\/\/www.elwatan.com\/wp-content\/uploads\/2021\/05\/Averses-orageuses-e1620126914438.jpeg","fifu_image_alt":"M\u00e9t\u00e9o : Averses orageuses sur plusieurs wilayas \u00e0 partir de mardi soir","footnotes":""},"categories":[73,53],"tags":[],"class_list":["post-116136","post","type-post","status-publish","format-standard","hentry","category-actualite","category-algerie"],"_links":{"self":[{"href":"https:\/\/linitiative.ca\/International\/wp-json\/wp\/v2\/posts\/116136","targetHints":{"allow":["GET"]}}],"collection":[{"href":"https:\/\/linitiative.ca\/International\/wp-json\/wp\/v2\/posts"}],"about":[{"href":"https:\/\/linitiative.ca\/International\/wp-json\/wp\/v2\/types\/post"}],"author":[{"embeddable":true,"href":"https:\/\/linitiative.ca\/International\/wp-json\/wp\/v2\/users\/1743"}],"replies":[{"embeddable":true,"href":"https:\/\/linitiative.ca\/International\/wp-json\/wp\/v2\/comments?post=116136"}],"version-history":[{"count":0,"href":"https:\/\/linitiative.ca\/International\/wp-json\/wp\/v2\/posts\/116136\/revisions"}],"wp:attachment":[{"href":"https:\/\/linitiative.ca\/International\/wp-json\/wp\/v2\/media?parent=116136"}],"wp:term":[{"taxonomy":"category","embeddable":true,"href":"https:\/\/linitiative.ca\/International\/wp-json\/wp\/v2\/categories?post=116136"},{"taxonomy":"post_tag","embeddable":true,"href":"https:\/\/linitiative.ca\/International\/wp-json\/wp\/v2\/tags?post=116136"}],"curies":[{"name":"wp","href":"https:\/\/api.w.org\/{rel}","templated":true}]}}