{"id":116138,"date":"2021-05-04T07:39:40","date_gmt":"2021-05-04T11:39:40","guid":{"rendered":"https:\/\/linitiative.ca\/International\/intoxication-alimentaire-a-mila-le-bilan-salourdit-a-plus-de-150-cas\/"},"modified":"2021-05-04T07:39:40","modified_gmt":"2021-05-04T11:39:40","slug":"intoxication-alimentaire-a-mila-le-bilan-salourdit-a-plus-de-150-cas","status":"publish","type":"post","link":"https:\/\/linitiative.ca\/International\/intoxication-alimentaire-a-mila-le-bilan-salourdit-a-plus-de-150-cas\/","title":{"rendered":"Intoxication alimentaire \u00e0 Mila : Le bilan s\u2019alourdit \u00e0 plus de 150 cas"},"content":{"rendered":"<h4 class=\"title-14\"\/>\n<p><strong><em>Le nombre des cas d\u2019intoxication alimentaire suite \u00e0 la consommation de p\u00e2tisseries et de g\u00e2teaux achet\u00e9s d\u2019une p\u00e2tisserie-confiserie dans la ville de Mila, s\u2019est alourdi \u00e0 plus de 150 cas, a-t-on appris dans la nuit de lundi 3 mai \u00e0 mardi 4 mai de la directrice de la sant\u00e9 et de la population de la wilaya, Mme Samira Dekari.<\/em><\/strong><\/p>\n<p>Dans une d\u00e9claration \u00e0 l\u2019APS \u00e0 l\u2019Etablissement public hospitalier \u00abFr\u00e8res Meghlaoui\u00bb dans la ville de Mila o\u00f9 elle supervisait en compagnie des responsables de l\u2019Etablissement, la prise en charge des personnes intoxiqu\u00e9es, la m\u00eame responsable a pr\u00e9cis\u00e9 que les victimes, originaires des communes de Mila, Grarem Gouga et Sidi M\u00e9rouane, ont achet\u00e9 des p\u00e2tisseries et des g\u00e2teaux aupr\u00e8s d\u2019une p\u00e2tisserie-confiserie sise au centre-ville de Mila, leur causant une intoxication collective.<\/p>\n<p>Soulignant que le nombre de ces cas d\u2019intoxication a pris \u00abune courbe ascendante\u00bb et affect\u00e9 les deux sexes de diff\u00e9rentes \u00e2ges, Mme Dekari a indiqu\u00e9 que la majorit\u00e9 des cas avaient \u00e9t\u00e9 pris en charge et ont pu regagner leurs domiciles, tandis que deux autres cas sont toujours hospitalis\u00e9s, en raison de leur \u00e9tat de sant\u00e9 pr\u00e9occupant et 20 autres mis sous observation m\u00e9dicale au niveau du m\u00eame h\u00f4pital et de celui de Tobal dans la ville de Mila \u00e0 l\u2019effet de s\u2019assurer de l\u2019am\u00e9lioration de leur \u00e9tat avant de les laisser partir chez eux.<\/p>\n<p>L\u2019accueil des cas suspects d\u2019intoxication alimentaire se poursuit, selon Mme Dekari, affirmant la mobilisation de toutes les conditions mat\u00e9rielles et humaines pour la prise en charge des malades. D\u00e8s l\u2019enregistrement du premier cas d\u2019intoxication, une brigade mixte regroupant les services de la sant\u00e9 et du commerce a \u00e9t\u00e9 d\u00e9p\u00each\u00e9e \u00e0 la p\u00e2tisserie-confiserie pour prendre des \u00e9chantillons \u00e0 l\u2019effet de les analyser en laboratoires.<\/p>\n<p>En attendant les r\u00e9sultats de ces analyses pr\u00e9vus mardi, il a \u00e9t\u00e9 d\u00e9cid\u00e9 de la fermeture du local comme mesure pr\u00e9liminaire. Les urgences de l\u2019h\u00f4pital Meghlaoui avaient re\u00e7u lundi plus de 20 cas d\u2019intoxication qui avaient consomm\u00e9 de la p\u00e2tisserie, a-t-on appris aupr\u00e8s du directeur de cet \u00e9tablissement, Zakaria Assala.<\/p>\n<p><span class=\"post-views-label\">Post Views:<\/span> <span class=\"post-views-count\">0<\/span><\/p>\n<p><br class=\"c3\"\/><\/p>\n<div class=\"ichhar-moneytagnative c5\" id=\"ichhar-1820856344\">\n<p>Advertisements<\/p>\n<\/div>\n<p><br class=\"c3\"\/><br \/>\n<br class=\"c6\"\/><\/p>\n<p>Auteur: Mohand Yahiaoui<br \/>\n<a href=\"https:\/\/www.elwatan.com\/edition\/actualite\/intoxication-alimentaire-a-mila-le-bilan-salourdit-a-plus-de-150-cas-04-05-2021\">Cliquez ici pour lire l&rsquo;article depuis sa source.<\/a><\/p>\n","protected":false},"excerpt":{"rendered":"<p>Le nombre des cas d\u2019intoxication alimentaire suite \u00e0 la consommation de p\u00e2tisseries et de g\u00e2teaux achet\u00e9s d\u2019une p\u00e2tisserie-confiserie dans la ville de Mila, s\u2019est alourdi \u00e0 plus de 150 cas, a-t-on appris dans la nuit de lundi 3 mai \u00e0 mardi 4 mai de la directrice de la sant\u00e9 et de la population de la [&hellip;]<\/p>\n","protected":false},"author":1743,"featured_media":0,"comment_status":"closed","ping_status":"closed","sticky":false,"template":"","format":"standard","meta":{"fifu_image_url":"","fifu_image_alt":"","footnotes":""},"categories":[73,53],"tags":[],"class_list":["post-116138","post","type-post","status-publish","format-standard","hentry","category-actualite","category-algerie"],"_links":{"self":[{"href":"https:\/\/linitiative.ca\/International\/wp-json\/wp\/v2\/posts\/116138","targetHints":{"allow":["GET"]}}],"collection":[{"href":"https:\/\/linitiative.ca\/International\/wp-json\/wp\/v2\/posts"}],"about":[{"href":"https:\/\/linitiative.ca\/International\/wp-json\/wp\/v2\/types\/post"}],"author":[{"embeddable":true,"href":"https:\/\/linitiative.ca\/International\/wp-json\/wp\/v2\/users\/1743"}],"replies":[{"embeddable":true,"href":"https:\/\/linitiative.ca\/International\/wp-json\/wp\/v2\/comments?post=116138"}],"version-history":[{"count":0,"href":"https:\/\/linitiative.ca\/International\/wp-json\/wp\/v2\/posts\/116138\/revisions"}],"wp:attachment":[{"href":"https:\/\/linitiative.ca\/International\/wp-json\/wp\/v2\/media?parent=116138"}],"wp:term":[{"taxonomy":"category","embeddable":true,"href":"https:\/\/linitiative.ca\/International\/wp-json\/wp\/v2\/categories?post=116138"},{"taxonomy":"post_tag","embeddable":true,"href":"https:\/\/linitiative.ca\/International\/wp-json\/wp\/v2\/tags?post=116138"}],"curies":[{"name":"wp","href":"https:\/\/api.w.org\/{rel}","templated":true}]}}