{"id":116139,"date":"2021-05-04T06:41:16","date_gmt":"2021-05-04T10:41:16","guid":{"rendered":"https:\/\/linitiative.ca\/International\/la-derive-du-tourisme\/"},"modified":"2021-05-04T06:41:16","modified_gmt":"2021-05-04T10:41:16","slug":"la-derive-du-tourisme","status":"publish","type":"post","link":"https:\/\/linitiative.ca\/International\/la-derive-du-tourisme\/","title":{"rendered":"La d\u00e9rive du tourisme !"},"content":{"rendered":"<div>\n<p style=\"text-align:center\" class=\"has-text-color has-vivid-cyan-blue-color\"><strong>A vrai dire<\/strong><\/p>\n<p style=\"text-align:right\" class=\"has-text-color has-vivid-red-color\"><strong>Saoudi El Amalki<\/strong><\/p>\n<p class=\"has-text-color has-vivid-cyan-blue-color\"><strong>Le sursaut de l\u2019Office National Marocain du Tourisme (ONMT), relatif \u00e0 la mise en place du plan de relance de la destination Maroc, serait-il en mesure de ragaillardir un domaine en d\u00e9perdition, en particulier ces moments cruels de la pand\u00e9mie\u00a0? Pas aussi rassurant que pouvait faire ressortir le directeur g\u00e9n\u00e9ral du d\u00e9partement, lors de la c\u00e9r\u00e9monie du lancement du trac\u00e9 en question, devant une certaine assistance et non pas la totalit\u00e9 des professionnels, comme il a \u00e9t\u00e9 rapport\u00e9\u00a0! <\/strong><\/p>\n<p>Il est bien vrai que l\u2019initiative,<br \/>\nen elle-m\u00eame, ne devrait pas faire objet de critique d\u00e9daigneuse, si l\u2019on sait<br \/>\nqu\u2019elle est, quand m\u00eame, le fruit d\u2019\u00e9change concert\u00e9 au sein d\u2019une \u00e9quip\u00e9e d\u2019experts<br \/>\ndu service central. Toutefois, il importe de dire que la crise est beaucoup<br \/>\nplus profonde qu\u2019un \u00e9lan de saupoudrage sporadique. Au fait, le m\u00e9compte<br \/>\nque le tourisme essuie aujourd\u2019hui, ne date pas exclusivement de la conjoncture<br \/>\nactuelle, mais de l\u2019approche touristique suivie, il y a plus de vingt ann\u00e9es. L\u2019\u00e9pid\u00e9mie<br \/>\nn\u2019a fait qu\u2019aggraver la situation consternante qui s\u00e9vissait, depuis la<br \/>\npolitique d\u00e9cennale de la Vision Maroc. Certes, on ne saurait non plus, d\u00e9valoriser<br \/>\nl\u2019effort qui a \u00e9t\u00e9 d\u00e9ploy\u00e9 durant toute cette p\u00e9riode tant au niveau du bin\u00f4me minist\u00e9riel que les<br \/>\nmultiples intervenants r\u00e9gionaux. <\/p>\n<p>Mais, il convient de reconna\u00eetre<br \/>\nque des d\u00e9chets \u00e9normes ont \u00e9maill\u00e9 ce long parcours, en termes de \u00a0gouvernance cr\u00e9ative, de r\u00e9tablissement du<br \/>\nproduit et de volontarisme effectif. Au fil du temps, on accusait le coup face<br \/>\n\u00e0 des destinations concurrentes et marquait le pas en cette composante qui constitue<br \/>\nun levier nodal de l\u2019\u00e9conomie nationale. Sans avoir nullement l\u2019intention de tourner<br \/>\nle fer dans la plaie, il est loisible de mettre le point sur l\u2019\u00e9tat actuel du<br \/>\ntourisme dans le royaume, d\u00e8s lors que tout le monde se met \u00e0 pied d\u2019\u0153uvre \u00e0 se<br \/>\nd\u00e9bourber de la crise virale. Bient\u00f4t, fin mois juin, l\u2019Europe aurait le Covid<br \/>\nderri\u00e8re elle et s\u2019y mettrait pour remettre d\u2019aplomb son tourisme en<br \/>\nsouffrance. <\/p>\n<p>Quelle part aurions-nous du<br \/>\nretour en force de l\u2019embellie europ\u00e9enne, nous qui \u00e9tions au mode l\u00e9thargique<br \/>\nen amont\u00a0? Des miettes si ce n\u2019est des brins de brindilles\u00a0\u00e0 mettre<br \/>\nsous la dent! En fait, les germaniques et bien d\u2019autres nations \u00e9mettrices seraient<br \/>\nfin pr\u00eats \u00e0 lancer les ventes, sachant que les portugais ont d\u00e9j\u00e0 annul\u00e9 les<br \/>\ncharters sur notre pays pour la p\u00e9riode estivale, alors que les anglais vont<br \/>\n\u00e9mettre des millions de passeports Covid. La p\u00e9ninsule ib\u00e9rique dont les<br \/>\nrelations diplomatiques avec notre pays, sont au froid, l\u00e8verait sans doute, le<br \/>\npied, apr\u00e8s le r\u00e9cent incident inh\u00e9rent \u00e0 notre int\u00e9grit\u00e9 territoriale\u2026<\/p>\n<p>La promotion et la publicit\u00e9<br \/>\nauxquelles l\u2019office compte s\u2019atteler pour pr\u00e9tendre au red\u00e9marrage, devraient<br \/>\nse faire toute l\u2019ann\u00e9e sans nul rel\u00e2che. N\u00e9anmoins, cet aspect purement<br \/>\ncommercial ne suffirait jamais si on manque d\u2019avion, de pricing et de produit pouvant drainer la<br \/>\nclient\u00e8le. L\u2019\u00e9mulation serait in\u00e9quitable en mati\u00e8re de l\u2019a\u00e9rien puisque les comp\u00e9titeurs<br \/>\nont surtout leurs propres compagnies charter, en plus de leurs promoteurs<br \/>\nr\u00e9guliers qui pr\u00eatent main forte au secteur. De m\u00eame, l\u2019h\u00f4tellerie s\u2019av\u00e8re<br \/>\nfortement affect\u00e9e par l\u2019impact d\u00e9solant du fl\u00e9au pand\u00e9mique et trouve beaucoup<br \/>\nde peine \u00e0 \u00e9merger d\u2019o\u00f9 l\u2019impossibilit\u00e9 de baisser les prix.<\/p>\n<p>A propos du parc h\u00f4telier d\u2019une<br \/>\nstation baln\u00e9aire, tel Agadir, il ferait mal de constater que la capacit\u00e9<br \/>\nliti\u00e8re est en d\u00e9gringolade libre, si l\u2019on sait, non sans d\u00e9solation, que<br \/>\nnombre de structures h\u00f4teli\u00e8res dataient des ann\u00e9es 60 et en cons\u00e9quence ne<br \/>\nremplissent plus toutes les conditions de commodit\u00e9 et de s\u00e9curit\u00e9<br \/>\nuniversellement reconnues. Sans parler des h\u00f4tels qui occupent de dizaines \u00a0d\u2019hectares, en plein centre ville et sont en<br \/>\n\u00e9tat piteux alors que d\u2019autres sont ferm\u00e9s ou lou\u00e9s \u00e0 des Tour Operator comme<br \/>\nc\u2019est le cas de la chaine Tikida RIU. Avec un volume d\u2019accueil qui oscillerait les<br \/>\n10 000 lits commercialisables apr\u00e8s avoir fr\u00f4l\u00e9 les 32 000, il n\u2019y a pas<br \/>\nlongtemps, on ne peut nullement faire du tourisme porteur, y compris les<br \/>\nactivit\u00e9s parall\u00e8les, comme les agences de voyages qui \u00e9taient de plus de 250<br \/>\nunit\u00e9s, alors qu\u2019on pourrait compter aujourd\u2019hui pas plus d\u2019une vingtaine, la<br \/>\nrestauration qui broie du pain noir, les bazaristes qui finissent par mettre<br \/>\nles cl\u00e9s sous le paillasson\u2026 \u00a0\u00a0<\/p>\n<p>L\u2019article <a rel=\"nofollow\" href=\"http:\/\/albayane.press.ma\/la-derive-du-tourisme.html\">La d\u00e9rive du tourisme !<\/a> est apparu en premier sur <a rel=\"nofollow\" href=\"http:\/\/albayane.press.ma\/\">ALBAYANE<\/a>.<\/p>\n<\/div>\n<p>Auteur: M&rsquo;hammed rahal<br \/>\n<a href=\"http:\/\/albayane.press.ma\/la-derive-du-tourisme.html\">Cliquez ici pour lire l&rsquo;article depuis sa source.<\/a><\/p>\n","protected":false},"excerpt":{"rendered":"<p>A vrai dire Saoudi El Amalki Le sursaut de l\u2019Office National Marocain du Tourisme (ONMT), relatif \u00e0 la mise en place du plan de relance de la destination Maroc, serait-il en mesure de ragaillardir un domaine en d\u00e9perdition, en particulier ces moments cruels de la pand\u00e9mie\u00a0? Pas aussi rassurant que pouvait faire ressortir le directeur [&hellip;]<\/p>\n","protected":false},"author":1760,"featured_media":0,"comment_status":"closed","ping_status":"closed","sticky":false,"template":"","format":"standard","meta":{"fifu_image_url":"","fifu_image_alt":"","footnotes":""},"categories":[73,54],"tags":[],"class_list":["post-116139","post","type-post","status-publish","format-standard","hentry","category-actualite","category-maroc"],"_links":{"self":[{"href":"https:\/\/linitiative.ca\/International\/wp-json\/wp\/v2\/posts\/116139","targetHints":{"allow":["GET"]}}],"collection":[{"href":"https:\/\/linitiative.ca\/International\/wp-json\/wp\/v2\/posts"}],"about":[{"href":"https:\/\/linitiative.ca\/International\/wp-json\/wp\/v2\/types\/post"}],"author":[{"embeddable":true,"href":"https:\/\/linitiative.ca\/International\/wp-json\/wp\/v2\/users\/1760"}],"replies":[{"embeddable":true,"href":"https:\/\/linitiative.ca\/International\/wp-json\/wp\/v2\/comments?post=116139"}],"version-history":[{"count":0,"href":"https:\/\/linitiative.ca\/International\/wp-json\/wp\/v2\/posts\/116139\/revisions"}],"wp:attachment":[{"href":"https:\/\/linitiative.ca\/International\/wp-json\/wp\/v2\/media?parent=116139"}],"wp:term":[{"taxonomy":"category","embeddable":true,"href":"https:\/\/linitiative.ca\/International\/wp-json\/wp\/v2\/categories?post=116139"},{"taxonomy":"post_tag","embeddable":true,"href":"https:\/\/linitiative.ca\/International\/wp-json\/wp\/v2\/tags?post=116139"}],"curies":[{"name":"wp","href":"https:\/\/api.w.org\/{rel}","templated":true}]}}