{"id":116140,"date":"2021-05-04T06:42:28","date_gmt":"2021-05-04T10:42:28","guid":{"rendered":"https:\/\/linitiative.ca\/International\/le-gouvernement-accorde-une-importance-primordiale-au-scrutin\/"},"modified":"2021-05-04T06:42:28","modified_gmt":"2021-05-04T10:42:28","slug":"le-gouvernement-accorde-une-importance-primordiale-au-scrutin","status":"publish","type":"post","link":"https:\/\/linitiative.ca\/International\/le-gouvernement-accorde-une-importance-primordiale-au-scrutin\/","title":{"rendered":"Le gouvernement accorde une importance primordiale au scrutin"},"content":{"rendered":"<div>\n<p style=\"text-align:center\" class=\"has-text-color has-vivid-cyan-blue-color\"><strong>Elections des d\u00e9l\u00e9gu\u00e9s des salari\u00e9s <\/strong><\/p>\n<p><strong>Le gouvernement accorde une importance primordiale aux \u00e9lections des d\u00e9l\u00e9gu\u00e9s des salari\u00e9s, en tant qu\u2019\u00e9tape fondamentale pour la promotion de la d\u00e9mocratie professionnelle, a indiqu\u00e9 vendredi, le ministre du Travail et de l\u2019Insertion professionnelle, Mohamed Amekraz.<\/strong><\/p>\n<p>Dans son allocution \u00e0 l\u2019occasion du 1-er mai, Amekraz a relev\u00e9 que la classe ouvri\u00e8re du Royaume c\u00e9l\u00e8bre cette f\u00eate internationale dans un contexte marqu\u00e9 par le chantier des \u00e9lections des d\u00e9l\u00e9gu\u00e9s des fonctionnaires et des employ\u00e9s relevant de l\u2019ensemble des secteurs professionnels.<\/p>\n<p>De ce fait, le gouvernement et les partenaires sociaux accordent une importance primordiale \u00e0 ce chantier d\u2019envergure, compte tenu de son r\u00f4le dans la promotion de l\u2019emploi d\u00e9cent et de la d\u00e9mocratie repr\u00e9sentative professionnelle, a soulign\u00e9 le ministre, relevant que l\u2019institution des d\u00e9l\u00e9gu\u00e9s des salari\u00e9s constitue un pilier essentiel pour l\u2019organisation et la gestion des relations professionnelles, pour le r\u00e8glement des conflits et pour le renforcement du discours social.<\/p>\n<p>Ces \u00e9ch\u00e9ances, au vu de leur importance, ont constitu\u00e9 une priorit\u00e9 du plan d\u2019action du minist\u00e8re au titre de cette ann\u00e9e, a affirm\u00e9 le responsable gouvernemental, ajoutant que le minist\u00e8re a d\u00e9ploy\u00e9 tous les efforts n\u00e9cessaires pour garantir leur r\u00e9ussite.<\/p>\n<p>A cet effet, des commissions centrales et r\u00e9gionales de veille et de suivi ont \u00e9t\u00e9 mises en place ainsi qu\u2019un plan d\u2019action de formation au profit des responsables r\u00e9gionaux et provinciaux du minist\u00e8re et des inspecteurs du travail, a relev\u00e9 Amkraz. <\/p>\n<p>De m\u00eame, un plan de communication a \u00e9t\u00e9 \u00e9labor\u00e9 autour des diff\u00e9rentes \u00e9tapes du processus \u00e9lectoral, en plus de la publication de diff\u00e9rents guides et brochures \u00e0 l\u2019attention de l\u2019inspection du travail et des partenaires sociaux, a-t-il poursuivi.<\/p>\n<p>A cette occasion, le ministre a appel\u00e9 les diff\u00e9rents organismes et partenaires syndicaux \u00e0 se mobiliser pour la r\u00e9ussite de cette \u00e9tape capitale, la consid\u00e9rant comme un pilier essentiel pour le renforcement des relations professionnelles et la r\u00e9alisation de la paix sociale au sein des unit\u00e9s de production. Cette \u00e9tape, poursuit-il, repr\u00e9sente une \u00e9preuve d\u00e9mocratique et un d\u00e9fi majeur pour l\u2019entreprise.<\/p>\n<p>S\u2019agissant de la n\u00e9gociation collective et du droit contractuel du travail, Amekraz a soulign\u00e9 que malgr\u00e9 la propagation de la pand\u00e9mie de Covid-19 et la mise en place des mesures sanitaires sur tout le territoire nationale, dix conventions collective de travail ont \u00e9t\u00e9 d\u00e9pos\u00e9es aupr\u00e8s de l\u2019autorit\u00e9 gouvernementale charg\u00e9e du travail au titre de l\u2019ann\u00e9e 2020 ainsi que trois conventions dans les mois de janvier et de f\u00e9vrier 2021. De m\u00eame, 139 protocoles d\u2019accord ont \u00e9t\u00e9 sign\u00e9s dans le cadre de contrats \u00e9tablis entre les travailleurs et les employeurs, a-t-il pr\u00e9cis\u00e9.<\/p>\n<p>Concernant la promotion de la sant\u00e9 et de la s\u00e9curit\u00e9 au travail, le ministre a mis en exergue la poursuite du chantier de d\u00e9veloppement du cadre juridique et institutionnel en la mati\u00e8re, afin de l\u2019aligner aux normes internationales en vigueur.<\/p>\n<p>C\u2019est dans ce sens, ajoute Amekraz, que le minist\u00e8re a mis en place la politique et le programme nationaux sur la sant\u00e9 et la s\u00e9curit\u00e9 au travail, en consultation avec les organisations professionnelles des employeurs et des employ\u00e9s les plus repr\u00e9sentatives, ainsi qu\u2019avec tous les secteurs gouvernementaux concern\u00e9s. Il a \u00e9t\u00e9 pr\u00e9sent\u00e9 au Conseil de gouvernement le 4 juin 2020, a-t-il indiqu\u00e9.<\/p>\n<p>Amekraz a soulign\u00e9 qu\u2019un programme de travail ex\u00e9cutif a \u00e9t\u00e9 \u00e9labor\u00e9 pour le Programme national de sant\u00e9 et de s\u00e9curit\u00e9 au travail 2020-2024, qui d\u00e9finit les \u00e9tapes et les modalit\u00e9s de mise en \u0153uvre des proc\u00e9dures, mettant en avant les efforts consentis par le minist\u00e8re pour la mise en \u0153uvre des dispositions relatives aux accidents de travail pour les agents de l\u2019\u00c9tat, ainsi que l\u2019augmentation de leurs indemnit\u00e9s.<\/p>\n<p>Ainsi, 393 dossiers ont \u00e9t\u00e9 ex\u00e9cut\u00e9s pour un montant total de pr\u00e8s de 4 MDH a relev\u00e9 le ministre, notant que 36.000 salari\u00e9s ont pu b\u00e9n\u00e9ficier de l\u2019augmentation des indemnit\u00e9s des accidents de travail et maladies professionnelles en mars 2021, pour un montant d\u2019environ 380 MDH.<\/p>\n<p>Au sujet de la promotion de l\u2019emploi, le responsable gouvernemental a relev\u00e9 que les programmes actifs en la mati\u00e8re ont \u00e9t\u00e9 correctement adapt\u00e9s \u00e0 l\u2019\u00e9volution de la situation \u00e9pid\u00e9miologique, ce qui a contribu\u00e9 \u00e0 l\u2019insertion de plus de 87.300 personnes en l\u2019espace de 10 mois (entre mai 2020 et mars 2021), mettant en lumi\u00e8re l\u2019\u00e9volution positive (+9%) des indicateurs d\u2019insertion professionnelle en cette m\u00eame p\u00e9riode et dans le cadre de ce programme.<\/p>\n<p>En ce qui concerne le bilan p\u00e9riodique du Plan national pour la promotion de l\u2019emploi, le ministre a estim\u00e9 que le taux de r\u00e9alisation des objectifs escompt\u00e9s a \u00e9t\u00e9 entre bien et moyen. Ainsi, 55% des capacit\u00e9s pr\u00e9vues en termes de postes et d\u2019opportunit\u00e9 d\u2019emploi dans le cadre des diff\u00e9rentes strat\u00e9gies et plans sectoriels ont \u00e9t\u00e9 atteintes, a soulign\u00e9 le ministre, ajoutant que 77% des objectifs ont \u00e9t\u00e9 r\u00e9alis\u00e9s dans le domaine de l\u2019am\u00e9lioration de l\u2019employabilit\u00e9 des chercheurs d\u2019emploi, 81% dans le cadre du soutien \u00e0 l\u2019employabilit\u00e9 des chercheurs d\u2019emploi et 65% pour l\u2019accompagnement de la cr\u00e9ation d\u2019unit\u00e9s \u00e9conomiques pour l\u2019auto-emploi.<\/p>\n<p>Dans le cadre de la protection des droits des cat\u00e9gories sp\u00e9ciales, M. Aemkraz a soulign\u00e9 qu\u2019une enveloppe budg\u00e9taire de pr\u00e8s de 4 MDH a \u00e9t\u00e9 allou\u00e9e \u00e0 la promotion des projets associatifs de lutte contre le travail des enfants et la protection des droits de la femme, ajoutant que 14 conventions ont \u00e9t\u00e9 sign\u00e9es dans ce sens, au titre de l\u2019ann\u00e9e 2020.<\/p>\n<p>Par ailleurs, le responsable gouvernemental a mis en exergue le suivi par l\u2019organe de l\u2019inspection du travail de la situation \u00e9conomique et sociale des \u00e9tablissements \u00e0 la lumi\u00e8re de la conjoncture exceptionnelle li\u00e9e \u00e0 la propagation de la Covid-19, notant que 57.955 \u00e9tablissements ont \u00e9t\u00e9 concern\u00e9s par des visites de terrain, en coordination avec les d\u00e9partements concern\u00e9s et les autorit\u00e9s locales.<\/p>\n<p>En outre, les agents charg\u00e9s de l\u2019inspection du travail sont parvenus \u00e0 traiter 63.235 contentieux individuels de travail, tout en trouvant des solutions \u00e0 74.181 r\u00e9clamations sur les 145.674 re\u00e7ues (soit 50,92%), au moment o\u00f9 plus de 1,9 milliard de dirhams ont \u00e9t\u00e9 r\u00e9cup\u00e9r\u00e9s au profit des plaignants, a soulign\u00e9 le ministre.<\/p>\n<p>S\u2019agissant des conflits collectifs du travail, il a r\u00e9v\u00e9l\u00e9 que les actions de m\u00e9diation men\u00e9es par les services du minist\u00e8re ont permis de faire annuler 1.950 mouvements de gr\u00e8ve dans pr\u00e8s de 1.629 \u00e9tablissements au titre de l\u2019ann\u00e9e 2020. <\/p>\n<p>L\u2019article <a rel=\"nofollow\" href=\"http:\/\/albayane.press.ma\/le-gouvernement-accorde-une-importance-primordiale-au-scrutin.html\">Le gouvernement accorde une importance primordiale au scrutin<\/a> est apparu en premier sur <a rel=\"nofollow\" href=\"http:\/\/albayane.press.ma\/\">ALBAYANE<\/a>.<\/p>\n<\/div>\n<p>Auteur: M&rsquo;hammed rahal<br \/>\n<a href=\"http:\/\/albayane.press.ma\/le-gouvernement-accorde-une-importance-primordiale-au-scrutin.html\">Cliquez ici pour lire l&rsquo;article depuis sa source.<\/a><\/p>\n","protected":false},"excerpt":{"rendered":"<p>Elections des d\u00e9l\u00e9gu\u00e9s des salari\u00e9s Le gouvernement accorde une importance primordiale aux \u00e9lections des d\u00e9l\u00e9gu\u00e9s des salari\u00e9s, en tant qu\u2019\u00e9tape fondamentale pour la promotion de la d\u00e9mocratie professionnelle, a indiqu\u00e9 vendredi, le ministre du Travail et de l\u2019Insertion professionnelle, Mohamed Amekraz. Dans son allocution \u00e0 l\u2019occasion du 1-er mai, Amekraz a relev\u00e9 que la classe [&hellip;]<\/p>\n","protected":false},"author":1760,"featured_media":0,"comment_status":"closed","ping_status":"closed","sticky":false,"template":"","format":"standard","meta":{"fifu_image_url":"","fifu_image_alt":"","footnotes":""},"categories":[73,54],"tags":[],"class_list":["post-116140","post","type-post","status-publish","format-standard","hentry","category-actualite","category-maroc"],"_links":{"self":[{"href":"https:\/\/linitiative.ca\/International\/wp-json\/wp\/v2\/posts\/116140","targetHints":{"allow":["GET"]}}],"collection":[{"href":"https:\/\/linitiative.ca\/International\/wp-json\/wp\/v2\/posts"}],"about":[{"href":"https:\/\/linitiative.ca\/International\/wp-json\/wp\/v2\/types\/post"}],"author":[{"embeddable":true,"href":"https:\/\/linitiative.ca\/International\/wp-json\/wp\/v2\/users\/1760"}],"replies":[{"embeddable":true,"href":"https:\/\/linitiative.ca\/International\/wp-json\/wp\/v2\/comments?post=116140"}],"version-history":[{"count":0,"href":"https:\/\/linitiative.ca\/International\/wp-json\/wp\/v2\/posts\/116140\/revisions"}],"wp:attachment":[{"href":"https:\/\/linitiative.ca\/International\/wp-json\/wp\/v2\/media?parent=116140"}],"wp:term":[{"taxonomy":"category","embeddable":true,"href":"https:\/\/linitiative.ca\/International\/wp-json\/wp\/v2\/categories?post=116140"},{"taxonomy":"post_tag","embeddable":true,"href":"https:\/\/linitiative.ca\/International\/wp-json\/wp\/v2\/tags?post=116140"}],"curies":[{"name":"wp","href":"https:\/\/api.w.org\/{rel}","templated":true}]}}