{"id":116146,"date":"2021-05-04T10:00:27","date_gmt":"2021-05-04T14:00:27","guid":{"rendered":"https:\/\/linitiative.ca\/International\/fete-du-travail-la-celebration-du-1er-mai-ne-date-pas-dhier-celle-du-muguet-non-plus\/"},"modified":"2021-05-04T10:00:27","modified_gmt":"2021-05-04T14:00:27","slug":"fete-du-travail-la-celebration-du-1er-mai-ne-date-pas-dhier-celle-du-muguet-non-plus","status":"publish","type":"post","link":"https:\/\/linitiative.ca\/International\/fete-du-travail-la-celebration-du-1er-mai-ne-date-pas-dhier-celle-du-muguet-non-plus\/","title":{"rendered":"F\u00eate du travail  : La c\u00e9l\u00e9bration du 1er mai ne date pas d\u2019hier, celle du muguet non plus\u2026"},"content":{"rendered":"<figure class=\"post-thumbnail\" itemprop=\"associatedMedia\" itemscope=\"itemscope\" itemtype=\"http:\/\/schema.org\/ImageObject\"><img decoding=\"async\" class=\"post_layout_5_img\" src=\"http:\/\/aujourdhui.ma\/wp-content\/uploads\/2021\/05\/1er-mai.jpg\" alt=\"F\u00eate du travail : La c\u00e9l\u00e9bration du 1er mai ne date pas d\u2019hier, celle du muguet non plus\u2026\"\/><\/figure>\n<p><span class=\"c7\"><strong>Le 1er mai renvoie au travail, au passage d\u2019une nouvelle saison, au muguet, au bonheur.<\/strong><\/span><span id=\"more-375557\"\/><\/p>\n<p>Il s\u2019agit de notions importantes mais entre le travail et le muguet il y a tout un boulevard !!! Il est donc pertinent de retrouver les origines de cette date qui rime avec repos universel. C\u2019est \u00e0 Chicago, en 1884, que tout a commenc\u00e9 suite \u00e0 une lutte syndicale men\u00e9e par des organisations syndicales de travailleurs am\u00e9ricains. Ce qui a permis \u00e0 200.000 ouvriers am\u00e9ricains d\u2019obtenir de meilleures conditions de travail. Motif: l\u2019obtention de la journ\u00e9e de 8 heures. Depuis, le 1er mai est devenu la f\u00eate du travail qui sera c\u00e9l\u00e9br\u00e9e tous les ans dans plusieurs nations, au niveau mondial, en l\u2019honneur des travailleurs. Il faut dire que la bataille a \u00e9t\u00e9 rude puisque 340.000 ouvriers, face au refus de leur employeur, avaient entam\u00e9 un mouvement de gr\u00e8ve g\u00e9n\u00e9rale, \u00e0 travers le pays de l\u2019Oncle Sam. Le 4 mai suivant, une protestation g\u00e9n\u00e9rale avait eu lieu \u00e0 Chicago. Les manifestants avaient lanc\u00e9 une bombe sur les forces de l\u2019ordre et tu\u00e9 un policier. \u00abQuatre syndicalistes anarchistes seront condamn\u00e9s \u00e0 mort sans preuve pour ce meurtre. Un cinqui\u00e8me se suicidera\u00bb se rappellera l\u2019humanit\u00e9 enti\u00e8re.<\/p>\n<p>Trois ans plus tard, en 1889, c\u2019est \u00e0 Paris que les mouvements de protestation \u00e9clateront suite \u00e0 la mobilisation de la Deuxi\u00e8me Internationale Socialiste. L\u2019objectif est le m\u00eame que celui des travailleurs am\u00e9ricains. Le 1er mai 1891, la mobilisation dans le pays est marqu\u00e9e par un terrible drame. \u00c0 Fourmies, dans le Nord, l\u2019arm\u00e9e tire, en effet, sur des manifestants pacifiques causant 9 morts et 33 bless\u00e9s. D\u00e8s lors, le 1er mai rentre dans la tradition de lutte des travailleurs et devient un rendez-vous social. Car m\u00eame si le S\u00e9nat ent\u00e9rine la journ\u00e9e de travail de 8 heures en 1919, la mobilisation des travailleurs ne faiblit pas.<\/p>\n<p>En 1941, durant l\u2019occupation allemande, le mar\u00e9chal P\u00e9tain fait officiellement du 1er mai \u00abla f\u00eate du travail et de la Concorde sociale\u00bb. Cette journ\u00e9e est alors ch\u00f4m\u00e9e, signant la volont\u00e9 de rallier les travailleurs au r\u00e9gime de Vichy. D\u00e8s lors, l\u2019expression f\u00eate du Travail remplace celle de f\u00eate des Travailleurs pour effacer cette connotation politique. En 1947, la mesure est reprise par le gouvernement issu de la Lib\u00e9ration. Le 1er mai, dans le Code du travail, devient un jour f\u00e9ri\u00e9 ch\u00f4m\u00e9 et pay\u00e9 pour l\u2019ensemble des travailleurs.<\/p>\n<p><span class=\"c8\"><strong>Mais pourquoi le 1er mai est aussi la f\u00eate du muguet ?<\/strong><\/span><\/p>\n<p>Le muguet du 1er mai, un porte-bonheur. Fleur du printemps par excellence, car sa floraison survient en mai, le muguet est traditionnellement une fleur qui porte bonheur. La l\u00e9gende rapporte m\u00eame que \u00abcelui qui trouve un brin de muguet \u00e0 13 clochettes sera tout particuli\u00e8rement favoris\u00e9 par le destin\u00bb\u2026 Le muguet est aussi associ\u00e9 aux grands couturiers, comme Christian Dior, dont c\u2019\u00e9tait la fleur f\u00e9tiche. Plusieurs parfums int\u00e8grent la senteur du muguet, d\u2019ailleurs. Il faut dire que la tradition remonte \u00e0 l\u2019Antiquit\u00e9.<br \/>Dans la Rome antique, la floraison \u00e9tait c\u00e9l\u00e9br\u00e9e, d\u00e9j\u00e0 \u00e0 la fin du mois d\u2019avril, d\u00e9but mai. De m\u00eame, les Celtes avaient une f\u00eate similaire, Beltaine, qui marquait le passage de la saison sombre \u00e0 la saison claire\u2026 A l\u2019\u00e9poque de Charles IX, le 1er mai 1560, le souverain se serait vu offrir du muguet au cours d\u2019une visite dans le Dauphin\u00e9. Il avait, tellement, appr\u00e9ci\u00e9 le geste qu\u2019il aurait d\u00e9cid\u00e9 de reprendre cette id\u00e9e pour offrir, chaque printemps, un brin de muguet porte bonheur aux dames de la cour.<\/p>\n<p>\u00c0 la R\u00e9volution, le muguet est rattach\u00e9 non pas au 1er mai, mais au \u00abjour r\u00e9publicain\u00bb du 7 Flor\u00e9al (le 26 avril) dans le calendrier de Fabre d\u2019\u00c9glantine. C\u2019est alors l\u2019\u00e9glantine rouge sera associ\u00e9e au 1er mai, et elle le sera durant longtemps aux travailleurs. Cent ans plus tard, pour la premi\u00e8re journ\u00e9e mondiale des travailleurs, en 1889, les manifestants arborent un triangle rouge, rapidement remplac\u00e9 par l\u2019\u00e9glantine rouge, en hommage \u00e0 Fabre d\u2019\u00c9glantine. L\u2019\u00e9glantine rouge symbolise le sang vers\u00e9. Le retour du muguet co\u00efncidera avec la fin du XIXe si\u00e8cle. Et c\u2019est ainsi que la f\u00eate de travail sera c\u00e9l\u00e9br\u00e9e en m\u00eame temps que celle de l\u2019amour et du bonheur\u2026 L\u2019homme en gardera ainsi une vision globale.<\/p>\n<p>Auteur: Dounia Essabban<br \/>\n<a href=\"https:\/\/aujourdhui.ma\/emploi\/fete-du-travail-la-celebration-du-1er-mai-ne-date-pas-dhier-celle-du-muguet-non-plus\">Cliquez ici pour lire l&rsquo;article depuis sa source.<\/a><\/p>\n","protected":false},"excerpt":{"rendered":"<p>Le 1er mai renvoie au travail, au passage d\u2019une nouvelle saison, au muguet, au bonheur. Il s\u2019agit de notions importantes mais entre le travail et le muguet il y a tout un boulevard !!! Il est donc pertinent de retrouver les origines de cette date qui rime avec repos universel. C\u2019est \u00e0 Chicago, en 1884, [&hellip;]<\/p>\n","protected":false},"author":1759,"featured_media":0,"comment_status":"closed","ping_status":"closed","sticky":false,"template":"","format":"standard","meta":{"fifu_image_url":"http:\/\/aujourdhui.ma\/wp-content\/uploads\/2021\/05\/1er-mai.jpg","fifu_image_alt":"F\u00eate du travail  : La c\u00e9l\u00e9bration du 1er mai ne date pas d\u2019hier, celle du muguet non plus\u2026","footnotes":""},"categories":[73,54],"tags":[],"class_list":["post-116146","post","type-post","status-publish","format-standard","hentry","category-actualite","category-maroc"],"_links":{"self":[{"href":"https:\/\/linitiative.ca\/International\/wp-json\/wp\/v2\/posts\/116146","targetHints":{"allow":["GET"]}}],"collection":[{"href":"https:\/\/linitiative.ca\/International\/wp-json\/wp\/v2\/posts"}],"about":[{"href":"https:\/\/linitiative.ca\/International\/wp-json\/wp\/v2\/types\/post"}],"author":[{"embeddable":true,"href":"https:\/\/linitiative.ca\/International\/wp-json\/wp\/v2\/users\/1759"}],"replies":[{"embeddable":true,"href":"https:\/\/linitiative.ca\/International\/wp-json\/wp\/v2\/comments?post=116146"}],"version-history":[{"count":0,"href":"https:\/\/linitiative.ca\/International\/wp-json\/wp\/v2\/posts\/116146\/revisions"}],"wp:attachment":[{"href":"https:\/\/linitiative.ca\/International\/wp-json\/wp\/v2\/media?parent=116146"}],"wp:term":[{"taxonomy":"category","embeddable":true,"href":"https:\/\/linitiative.ca\/International\/wp-json\/wp\/v2\/categories?post=116146"},{"taxonomy":"post_tag","embeddable":true,"href":"https:\/\/linitiative.ca\/International\/wp-json\/wp\/v2\/tags?post=116146"}],"curies":[{"name":"wp","href":"https:\/\/api.w.org\/{rel}","templated":true}]}}