{"id":116147,"date":"2021-05-04T10:30:06","date_gmt":"2021-05-04T14:30:06","guid":{"rendered":"https:\/\/linitiative.ca\/International\/comment-les-femmes-gerent-elles-lindissociabilite-entre-vie-familiale\/"},"modified":"2021-05-04T10:30:06","modified_gmt":"2021-05-04T14:30:06","slug":"comment-les-femmes-gerent-elles-lindissociabilite-entre-vie-familiale","status":"publish","type":"post","link":"https:\/\/linitiative.ca\/International\/comment-les-femmes-gerent-elles-lindissociabilite-entre-vie-familiale\/","title":{"rendered":"Comment les femmes g\u00e8rent-elles l\u2019indissociabilit\u00e9 entre vie familiale\u2026"},"content":{"rendered":"<header>\n<\/header>\n<div class=\"entry-content clearfix\" readability=\"51\">\n<figure class=\"post-thumbnail\" itemprop=\"associatedMedia\" itemscope=\"itemscope\" itemtype=\"http:\/\/schema.org\/ImageObject\"><img decoding=\"async\" class=\"post_layout_5_img\" src=\"http:\/\/aujourdhui.ma\/wp-content\/uploads\/2021\/05\/femme-ecrit-dans-cahier-stylo-argente-carte-prise-main-entreprise-familiale-texte-fond-rose-vue-face-concept-entreprise_384017-904.jpg\" alt=\"Comment les femmes g\u00e8rent-elles l\u2019indissociabilit\u00e9 entre vie familiale\u2026\"\/><\/figure>\n<p><span class=\"c7\"><strong>\u00abM\u00eame \u00e0 des postes de direction ou de management \u00e9lev\u00e9s, les femmes restent, en grande majorit\u00e9, soumises \u00e0 la gestion de la vie domestique.<\/strong><\/span> <span id=\"more-375560\"\/><\/p>\n<p>Dans le cadre de l\u2019entreprise familiale, cette double casquette peut \u00eatre un avantage pour la bonne marche de l\u2019entreprise dans la mesure o\u00f9 famille et management se confondent. Les d\u00e9cisions peuvent ainsi se r\u00e9v\u00e9ler plus rapides, la communication facilit\u00e9e, l\u2019entreprise gagnant ainsi en efficacit\u00e9. Cette indissociabilit\u00e9 pose les femmes en gardiennes de l\u2019harmonie familiale, un r\u00f4le qu\u2019elles endossent d\u2019ailleurs assez naturellement. Dans la sph\u00e8re priv\u00e9e comme dans la sph\u00e8re professionnelle, elles d\u00e9minent les conflits, veillent \u00e0 pr\u00e9server les int\u00e9r\u00eats collectifs et familiaux plut\u00f4t que leurs int\u00e9r\u00eats personnels. Ce r\u00f4le de gardienne de l\u2019harmonie influence aussi leur mode de management qui se trouve \u00eatre plus humain et plus ax\u00e9 sur le respect de la hi\u00e9rarchie, se passant m\u00eame parfois des r\u00e8gles formelles\u00bb.<\/p>\n<p><span class=\"c8\">Extrait de l\u2019ouvrage Femmes au c\u0153ur des entreprises familiales de Dora Jurd De Girancourt et Thami Ghorfi<\/span><\/p>\n<\/div>\n<p>Auteur: Dounia Essabban<br \/>\n<a href=\"https:\/\/aujourdhui.ma\/emploi\/comment-les-femmes-gerent-elles-lindissociabilite-entre-vie-familiale\">Cliquez ici pour lire l&rsquo;article depuis sa source.<\/a><\/p>\n","protected":false},"excerpt":{"rendered":"<p>\u00abM\u00eame \u00e0 des postes de direction ou de management \u00e9lev\u00e9s, les femmes restent, en grande majorit\u00e9, soumises \u00e0 la gestion de la vie domestique. Dans le cadre de l\u2019entreprise familiale, cette double casquette peut \u00eatre un avantage pour la bonne marche de l\u2019entreprise dans la mesure o\u00f9 famille et management se confondent. Les d\u00e9cisions peuvent [&hellip;]<\/p>\n","protected":false},"author":1759,"featured_media":0,"comment_status":"closed","ping_status":"closed","sticky":false,"template":"","format":"standard","meta":{"fifu_image_url":"http:\/\/aujourdhui.ma\/wp-content\/uploads\/2021\/05\/femme-ecrit-dans-cahier-stylo-argente-carte-prise-main-entreprise-familiale-texte-fond-rose-vue-face-concept-entreprise_384017-904.jpg","fifu_image_alt":"Comment les femmes g\u00e8rent-elles l\u2019indissociabilit\u00e9 entre vie familiale\u2026","footnotes":""},"categories":[73,54],"tags":[],"class_list":["post-116147","post","type-post","status-publish","format-standard","hentry","category-actualite","category-maroc"],"_links":{"self":[{"href":"https:\/\/linitiative.ca\/International\/wp-json\/wp\/v2\/posts\/116147","targetHints":{"allow":["GET"]}}],"collection":[{"href":"https:\/\/linitiative.ca\/International\/wp-json\/wp\/v2\/posts"}],"about":[{"href":"https:\/\/linitiative.ca\/International\/wp-json\/wp\/v2\/types\/post"}],"author":[{"embeddable":true,"href":"https:\/\/linitiative.ca\/International\/wp-json\/wp\/v2\/users\/1759"}],"replies":[{"embeddable":true,"href":"https:\/\/linitiative.ca\/International\/wp-json\/wp\/v2\/comments?post=116147"}],"version-history":[{"count":0,"href":"https:\/\/linitiative.ca\/International\/wp-json\/wp\/v2\/posts\/116147\/revisions"}],"wp:attachment":[{"href":"https:\/\/linitiative.ca\/International\/wp-json\/wp\/v2\/media?parent=116147"}],"wp:term":[{"taxonomy":"category","embeddable":true,"href":"https:\/\/linitiative.ca\/International\/wp-json\/wp\/v2\/categories?post=116147"},{"taxonomy":"post_tag","embeddable":true,"href":"https:\/\/linitiative.ca\/International\/wp-json\/wp\/v2\/tags?post=116147"}],"curies":[{"name":"wp","href":"https:\/\/api.w.org\/{rel}","templated":true}]}}