{"id":116151,"date":"2021-05-04T07:17:01","date_gmt":"2021-05-04T11:17:01","guid":{"rendered":"https:\/\/linitiative.ca\/International\/preservons-el-jadida-des-aleas-du-temps\/"},"modified":"2021-05-04T07:17:01","modified_gmt":"2021-05-04T11:17:01","slug":"preservons-el-jadida-des-aleas-du-temps","status":"publish","type":"post","link":"https:\/\/linitiative.ca\/International\/preservons-el-jadida-des-aleas-du-temps\/","title":{"rendered":"Pr\u00e9servons El Jadida des al\u00e9as du temps"},"content":{"rendered":"<div>\n<p style=\"text-align:center\" class=\"has-text-color has-vivid-cyan-blue-color\"><strong>L\u2019Association<br \/>\nDoukkala m\u00e9moire tire la sonnette d\u2019alarme !<\/strong><\/p>\n<p><strong>Le bureau de l\u2019Association Doukkala m\u00e9moire pour la sauvegarde du Patrimoine a tenu deux r\u00e9unions cons\u00e9cutives les 10 et 25 avril 2021. Cette r\u00e9union \u00e9tait une occasion idoine pour mettre la lumi\u00e8re sur l\u2019\u00e9tat\u00a0 du patrimoine mat\u00e9riel et immat\u00e9riel de la ville. <\/strong><\/p>\n<p>\u00a0Il a ainsi \u00e9tudi\u00e9 les points suivants\u00a0:<br \/>\nl\u2019\u00e9valuation du travail du bureau, la\u00a0<br \/>\nd\u00e9finition d\u2019un programme de travail et la pr\u00e9paration de l\u2019assembl\u00e9e<br \/>\ng\u00e9n\u00e9rale de l\u2019association. <\/p>\n<p>A cette occasion, le<br \/>\nrapporteur du comit\u00e9 sp\u00e9cialis\u00e9 de l\u2019Association en charge de la protection du<br \/>\npatrimoine a pr\u00e9sent\u00e9 un expos\u00e9 d\u00e9taill\u00e9\u00a0<br \/>\nrelatif au travail de recherche et de documentation\u00a0 men\u00e9 par le comit\u00e9 afin de pr\u00e9parer les<br \/>\ndossiers de demandes d\u2019inscription de certains b\u00e2timents et espaces de la ville<br \/>\nd\u2019El Jadida sur la liste des monuments historiques dans le but de les pr\u00e9server<br \/>\net de les restaurer\u00a0 en tant que<br \/>\npatrimoine culturel mat\u00e9riel. <\/p>\n<p>Ce travail a \u00e9t\u00e9 en effet\u00a0 au centre des r\u00e9alisations architecturales et<br \/>\nurbaines dont le b\u00e2timent appel\u00e9 \u00ab\u00a0H\u00f4tel des postes\u00a0\u00bb situ\u00e9 \u00e0\u00a0 la place El Hansali (Place Brudo),\u00a0 le b\u00e2timent appel\u00e9 \u00abServices des Finanaces\u00bb<br \/>\nsitu\u00e9 \u00e0\u00a0 place El Hansali, la station<br \/>\ntouristique appel\u00e9e \u2018\u2019H\u00f4tel Marhaba\u2019\u2019, situ\u00e9e \u00e0 l\u2019avenue Mohammed-VI \u2013 Place<br \/>\nSintra, le th\u00e9\u00e2tre\u00a0 Afifi, appel\u00e9 \u00ab Salle<br \/>\nMunicipale des f\u00eates \u00bb, situ\u00e9 \u00e0 la place Mohammed V, le b\u00e2timent du Barid<br \/>\nAl-Maghrib, appel\u00e9e \u2018\u2019Recette des P\u2019\u2019,\u00a0<br \/>\nsitu\u00e9 \u00e0 la place Mohammed V,\u00a0<br \/>\nl\u2019immeuble de \u2018\u2019Bank Al Maghrib\u2019\u2019, appel\u00e9 auparavant \u00abBank Al Maghrib<br \/>\nMazagan\u00bb, situ\u00e9 \u00e0 l\u2019avenue\u00a0 Mohammed V,<br \/>\nle parc Abdelkrim Khattabi, situ\u00e9 pr\u00e8s des remparts\u00a0 du quartier portugais, le\u00a0 parc Hassan II appel\u00e9 \u00abParc Spinney\u00bb, le parc<br \/>\nMohammed V appel\u00e9 \u00ab\u00a0Parc de la plage\u00a0\u00bb, situ\u00e9 \u00e0 l\u2019avenue Mohamed VI.<\/p>\n<p>Ainsi,<br \/>\nconform\u00e9ment\u00a0 aux\u00a0 r\u00e8gles, en vigueur, de l\u2019inscription sur\u00a0 la liste des b\u00e2timents et sites\u00a0 historiques nationaux, l\u2019Association a<br \/>\nadress\u00e9\u00a0 les neuf dossiers\u00a0 accompagn\u00e9s d\u2019une demande au d\u00e9partement de la<br \/>\nCulture afin de les inscrire en tant que patrimoine mat\u00e9riel national. <\/p>\n<p>Dans le m\u00eame cadre,<br \/>\nle comit\u00e9 envisage la pr\u00e9paration d\u2019autres dossiers et demandes relatifs aux sites<br \/>\narch\u00e9ologiques de Doukkala, pr\u00e9cise la m\u00eame source. <\/p>\n<p>\u00a0D\u2019autre part, les membres de l\u2019association ont<br \/>\nmis l\u2019accent sur le sort de la lettre envoy\u00e9e par l\u2019association en septembre 2020<br \/>\nau\u00a0 wali de la r\u00e9gion\u00a0 concernant les risques d\u2019effondrement ou de<br \/>\nd\u00e9molition du immeuble \u00abCohen\u00bb. <\/p>\n<p>Dans le m\u00eame<br \/>\ncontexte, les membres du bureau ont exprim\u00e9 leur pr\u00e9occupation et inqui\u00e9tude<br \/>\nconcernant les \u2018\u2019distorsions\u2019\u2019 qu\u2019\u00e0 connues la c\u00f4te nord de la ville d\u2019El<br \/>\nJadida apr\u00e8s la licence accord\u00e9e par le Conseil municipal \u00e0 un entrepreneur en<br \/>\nvue de la construction d\u2019un espace de loisirs qui ne respecte pas ce qui est stipul\u00e9<br \/>\ndans les lois actuellement en vigueur pour prot\u00e9ger les c\u00f4tes marines, ainsi<br \/>\nque l\u2019ajout de deux grands b\u00e2timents au port de la ville qui ne r\u00e9pondent<br \/>\npas\u00a0 aux recommandations de l\u2019accord\u00a0 de classification de Mazagan portugais\u00a0 comme patrimoine mondial, sans oublier bien<br \/>\nentendu la pollution,\u00a0 les<br \/>\nobstacles,\u00a0 les\u00a0 pi\u00e9geage\u00a0<br \/>\nde l\u2019embouchure Oued Oum Er-Rbia, pr\u00e9cise l\u2019association. Dans le but<br \/>\nd\u2019\u00e9tudier ces probl\u00e8mes et\u00a0 chercher des<br \/>\nsolutions appropri\u00e9es, le bureau de l\u2019Association a d\u00e9cid\u00e9 de contacter\u00a0 ales minist\u00e8res concern\u00e9s afin\u00a0 tenir des r\u00e9unions de travail avec leurs<br \/>\nresponsables, conclut la m\u00eame source. \u00a0<\/p>\n<p>L\u2019article <a rel=\"nofollow\" href=\"http:\/\/albayane.press.ma\/preservons-el-jadida-des-aleas-du-temps.html\">Pr\u00e9servons El Jadida des al\u00e9as du temps<\/a> est apparu en premier sur <a rel=\"nofollow\" href=\"http:\/\/albayane.press.ma\/\">ALBAYANE<\/a>.<\/p>\n<\/div>\n<p>Auteur: M&rsquo;hammed rahal<br \/>\n<a href=\"http:\/\/albayane.press.ma\/preservons-el-jadida-des-aleas-du-temps.html\">Cliquez ici pour lire l&rsquo;article depuis sa source.<\/a><\/p>\n","protected":false},"excerpt":{"rendered":"<p>L\u2019Association Doukkala m\u00e9moire tire la sonnette d\u2019alarme ! Le bureau de l\u2019Association Doukkala m\u00e9moire pour la sauvegarde du Patrimoine a tenu deux r\u00e9unions cons\u00e9cutives les 10 et 25 avril 2021. Cette r\u00e9union \u00e9tait une occasion idoine pour mettre la lumi\u00e8re sur l\u2019\u00e9tat\u00a0 du patrimoine mat\u00e9riel et immat\u00e9riel de la ville. \u00a0Il a ainsi \u00e9tudi\u00e9 les [&hellip;]<\/p>\n","protected":false},"author":1760,"featured_media":0,"comment_status":"closed","ping_status":"closed","sticky":false,"template":"","format":"standard","meta":{"fifu_image_url":"","fifu_image_alt":"","footnotes":""},"categories":[73,54],"tags":[],"class_list":["post-116151","post","type-post","status-publish","format-standard","hentry","category-actualite","category-maroc"],"_links":{"self":[{"href":"https:\/\/linitiative.ca\/International\/wp-json\/wp\/v2\/posts\/116151","targetHints":{"allow":["GET"]}}],"collection":[{"href":"https:\/\/linitiative.ca\/International\/wp-json\/wp\/v2\/posts"}],"about":[{"href":"https:\/\/linitiative.ca\/International\/wp-json\/wp\/v2\/types\/post"}],"author":[{"embeddable":true,"href":"https:\/\/linitiative.ca\/International\/wp-json\/wp\/v2\/users\/1760"}],"replies":[{"embeddable":true,"href":"https:\/\/linitiative.ca\/International\/wp-json\/wp\/v2\/comments?post=116151"}],"version-history":[{"count":0,"href":"https:\/\/linitiative.ca\/International\/wp-json\/wp\/v2\/posts\/116151\/revisions"}],"wp:attachment":[{"href":"https:\/\/linitiative.ca\/International\/wp-json\/wp\/v2\/media?parent=116151"}],"wp:term":[{"taxonomy":"category","embeddable":true,"href":"https:\/\/linitiative.ca\/International\/wp-json\/wp\/v2\/categories?post=116151"},{"taxonomy":"post_tag","embeddable":true,"href":"https:\/\/linitiative.ca\/International\/wp-json\/wp\/v2\/tags?post=116151"}],"curies":[{"name":"wp","href":"https:\/\/api.w.org\/{rel}","templated":true}]}}