{"id":116152,"date":"2021-05-04T09:30:00","date_gmt":"2021-05-04T13:30:00","guid":{"rendered":"https:\/\/linitiative.ca\/International\/le-bilan-salourdit-a-plus-de-253-cas\/"},"modified":"2021-05-04T09:30:00","modified_gmt":"2021-05-04T13:30:00","slug":"le-bilan-salourdit-a-plus-de-253-cas","status":"publish","type":"post","link":"https:\/\/linitiative.ca\/International\/le-bilan-salourdit-a-plus-de-253-cas\/","title":{"rendered":"Le bilan s&rsquo;alourdit \u00e0 plus de 253 cas"},"content":{"rendered":"<div id=\"originalText\" readability=\"61\">\n<p class=\"c6\">Le nombre des cas d&rsquo;intoxication alimentaire suite \u00e0 la consommation de p\u00e2tisseries et de g\u00e2teaux achet\u00e9s d&rsquo;une p\u00e2tisserie-confiserie dans la ville de Mila, est pass\u00e9 \u00e0 plus de 253 cas, a rapport\u00e9, ce mardi, la Radio Alg\u00e9rienne, pr\u00e9cisant que \u00ab 9 cas sont toujours en cours d&rsquo;hospitalisation, tandis que les autres ont \u00e9t\u00e9 renvoy\u00e9s chez eux \u00bb.<\/p>\n<p class=\"c6\">Dans une d\u00e9claration \u00e0 l&rsquo;APS dans la nuit de lundi \u00e0 mardi, la directrice de la sant\u00e9 et de la population de la wilaya, Samira Dekari, a indiqu\u00e9 que les victimes qui ont \u00e9t\u00e9 conduites au niveau de l&rsquo;Etablissement public hospitalier \u00ab\u00a0Fr\u00e8res Meghlaoui\u00a0\u00bb, dans la ville de Mila, \u00e9taient \u00ab originaires des communes de Mila, Grarem Gouga et Sidi M\u00e9rouane \u00bb. Elle a pr\u00e9cis\u00e9 \u00e9galement qu\u2019ils ont \u00ab achet\u00e9 des p\u00e2tisseries et des g\u00e2teaux aupr\u00e8s d&rsquo;une p\u00e2tisserie-confiserie sise au centre-ville de Mila, leur causant une intoxication collective \u00bb.<\/p>\n<p class=\"c6\">Toujours selon l\u2019APS, d\u00e8s l&rsquo;enregistrement du premier cas d&rsquo;intoxication, une brigade mixte regroupant les services de la sant\u00e9 et du commerce a \u00e9t\u00e9 d\u00e9p\u00each\u00e9e \u00e0 la p\u00e2tisserie-confiserie pour prendre des \u00e9chantillons \u00e0 l&rsquo;effet de les analyser en laboratoires. En attendant les r\u00e9sultats de ces analyses pr\u00e9vus mardi, il a \u00e9t\u00e9 d\u00e9cid\u00e9 de la fermeture du local comme mesure pr\u00e9liminaire.<\/p>\n<p class=\"c7\"><strong>R\u00e9daction Web<\/strong><\/p>\n<\/div>\n<div id=\"text_core\" readability=\"61\">\n<p class=\"c6\">Le nombre des cas d&rsquo;intoxication alimentaire suite \u00e0 la consommation de p\u00e2tisseries et de g\u00e2teaux achet\u00e9s d&rsquo;une p\u00e2tisserie-confiserie dans la ville de Mila, est pass\u00e9 \u00e0 plus de 253 cas, a rapport\u00e9, ce mardi, la Radio Alg\u00e9rienne, pr\u00e9cisant que \u00ab 9 cas sont toujours en cours d&rsquo;hospitalisation, tandis que les autres ont \u00e9t\u00e9 renvoy\u00e9s chez eux \u00bb.<\/p>\n<p class=\"c6\">Dans une d\u00e9claration \u00e0 l&rsquo;APS dans la nuit de lundi \u00e0 mardi, la directrice de la sant\u00e9 et de la population de la wilaya, Samira Dekari, a indiqu\u00e9 que les victimes qui ont \u00e9t\u00e9 conduites au niveau de l&rsquo;Etablissement public hospitalier \u00ab\u00a0Fr\u00e8res Meghlaoui\u00a0\u00bb, dans la ville de Mila, \u00e9taient \u00ab originaires des communes de Mila, Grarem Gouga et Sidi M\u00e9rouane \u00bb. Elle a pr\u00e9cis\u00e9 \u00e9galement qu\u2019ils ont \u00ab achet\u00e9 des p\u00e2tisseries et des g\u00e2teaux aupr\u00e8s d&rsquo;une p\u00e2tisserie-confiserie sise au centre-ville de Mila, leur causant une intoxication collective \u00bb.<\/p>\n<p class=\"c6\">Toujours selon l\u2019APS, d\u00e8s l&rsquo;enregistrement du premier cas d&rsquo;intoxication, une brigade mixte regroupant les services de la sant\u00e9 et du commerce a \u00e9t\u00e9 d\u00e9p\u00each\u00e9e \u00e0 la p\u00e2tisserie-confiserie pour prendre des \u00e9chantillons \u00e0 l&rsquo;effet de les analyser en laboratoires. En attendant les r\u00e9sultats de ces analyses pr\u00e9vus mardi, il a \u00e9t\u00e9 d\u00e9cid\u00e9 de la fermeture du local comme mesure pr\u00e9liminaire.<\/p>\n<p class=\"c7\"><strong>R\u00e9daction Web<\/strong><\/p>\n<\/div>\n<p>Auteur:<br \/>\n<a href=\"https:\/\/www.liberte-algerie.com\/actualite\/le-bilan-salourdit-a-plus-de-253-cas-358242\">Cliquez ici pour lire l&rsquo;article depuis sa source.<\/a><\/p>\n","protected":false},"excerpt":{"rendered":"<p>Le nombre des cas d&rsquo;intoxication alimentaire suite \u00e0 la consommation de p\u00e2tisseries et de g\u00e2teaux achet\u00e9s d&rsquo;une p\u00e2tisserie-confiserie dans la ville de Mila, est pass\u00e9 \u00e0 plus de 253 cas, a rapport\u00e9, ce mardi, la Radio Alg\u00e9rienne, pr\u00e9cisant que \u00ab 9 cas sont toujours en cours d&rsquo;hospitalisation, tandis que les autres ont \u00e9t\u00e9 renvoy\u00e9s chez [&hellip;]<\/p>\n","protected":false},"author":1742,"featured_media":0,"comment_status":"closed","ping_status":"closed","sticky":false,"template":"","format":"standard","meta":{"fifu_image_url":"","fifu_image_alt":"","footnotes":""},"categories":[73,53],"tags":[],"class_list":["post-116152","post","type-post","status-publish","format-standard","hentry","category-actualite","category-algerie"],"_links":{"self":[{"href":"https:\/\/linitiative.ca\/International\/wp-json\/wp\/v2\/posts\/116152","targetHints":{"allow":["GET"]}}],"collection":[{"href":"https:\/\/linitiative.ca\/International\/wp-json\/wp\/v2\/posts"}],"about":[{"href":"https:\/\/linitiative.ca\/International\/wp-json\/wp\/v2\/types\/post"}],"author":[{"embeddable":true,"href":"https:\/\/linitiative.ca\/International\/wp-json\/wp\/v2\/users\/1742"}],"replies":[{"embeddable":true,"href":"https:\/\/linitiative.ca\/International\/wp-json\/wp\/v2\/comments?post=116152"}],"version-history":[{"count":0,"href":"https:\/\/linitiative.ca\/International\/wp-json\/wp\/v2\/posts\/116152\/revisions"}],"wp:attachment":[{"href":"https:\/\/linitiative.ca\/International\/wp-json\/wp\/v2\/media?parent=116152"}],"wp:term":[{"taxonomy":"category","embeddable":true,"href":"https:\/\/linitiative.ca\/International\/wp-json\/wp\/v2\/categories?post=116152"},{"taxonomy":"post_tag","embeddable":true,"href":"https:\/\/linitiative.ca\/International\/wp-json\/wp\/v2\/tags?post=116152"}],"curies":[{"name":"wp","href":"https:\/\/api.w.org\/{rel}","templated":true}]}}