{"id":116155,"date":"2021-05-04T11:29:27","date_gmt":"2021-05-04T15:29:27","guid":{"rendered":"https:\/\/linitiative.ca\/International\/acquisition-dequipements-medicaux-pour-renforcer-loffre-de-sante\/"},"modified":"2021-05-04T11:29:27","modified_gmt":"2021-05-04T15:29:27","slug":"acquisition-dequipements-medicaux-pour-renforcer-loffre-de-sante","status":"publish","type":"post","link":"https:\/\/linitiative.ca\/International\/acquisition-dequipements-medicaux-pour-renforcer-loffre-de-sante\/","title":{"rendered":"Acquisition d\u2019\u00e9quipements m\u00e9dicaux pour renforcer l\u2019offre de sant\u00e9"},"content":{"rendered":"<div class=\"single-featured\"><img alt=\"\" data-src=\"http:\/\/www.mapmarrakech.ma\/map\/uploads\/2021\/05\/sant\u00e9-chichaoua-copier.jpg\"\/><\/div>\n<div class=\"single-post-excerpt post-excerpt-bc\" readability=\"34\">\n<p>Chichaoua \u2013 Les autorit\u00e9s locales de Chichaoua ont proc\u00e9d\u00e9 \u00e0 l\u2019acquisition de fournitures et d\u2019\u00e9quipements m\u00e9dicaux afin de renforcer l\u2019offre de sant\u00e9 et offrir des services de qualit\u00e9 aux habitants de la province.<\/p>\n<\/div>\n<div class=\"entry-content clearfix single-post-content\" readability=\"67\">\n<p>Ainsi, le gouverneur de la province, M. Bouabid El Guerrab, accompagn\u00e9 notamment du d\u00e9l\u00e9gu\u00e9 provincial de la Sant\u00e9 par int\u00e9rim, M. Mohamed El Mouss, a pris connaissance de l\u2019ensemble des \u00e9quipements m\u00e9dicaux destin\u00e9s \u00e0 \u00eatre distribu\u00e9s aux Centres de sant\u00e9 et aux Maternit\u00e9s au niveau provincial.<\/p>\n<p>Ce lot d\u2019\u00e9quipements m\u00e9dicaux, fourni par la pr\u00e9fecture de la province, s\u2019inscrit dans le cadre de l\u2019Initiative Nationale pour le D\u00e9veloppement Humain (INDH) et le Programme de R\u00e9duction des Disparit\u00e9s Sociales pour mettre \u00e0 niveau les \u00e9tablissements sanitaires, de mani\u00e8re \u00e0 permettre l\u2019accueil des patients dans les meilleures conditions et leur fournir les traitements n\u00e9cessaires.<\/p>\n<p>A cette occasion, le gouverneur de la province s\u2019est f\u00e9licit\u00e9 du niveau de coordination et de mobilisation des acteurs du secteur de la sant\u00e9 et d\u2019autres secteurs qui sont en premi\u00e8re ligne pour assurer la r\u00e9ussite de l\u2019op\u00e9ration de vaccination contre la Covid-19 et la r\u00e9alisation d\u2019immunit\u00e9 collective dans la province.<\/p>\n<p>M. El Guerrab a, de m\u00eame, mis en exergue l\u2019importance de ces \u00e9quipements livr\u00e9s \u00e0 la d\u00e9l\u00e9gation provinciale de la Sant\u00e9, et leur r\u00f4le majeur dans le rapprochement des services de sant\u00e9 des citoyens et l\u2019am\u00e9lioration de leur qualit\u00e9.<\/p>\n<p>Apr\u00e8s r\u00e9ception de ces \u00e9quipements, la d\u00e9l\u00e9gation provinciale de la Sant\u00e9 proc\u00e9dera \u00e0 leur distribution \u00e0 tous les centres de sant\u00e9 et maternit\u00e9s de la province de Chichaoua, selon les priorit\u00e9s et un calendrier pr\u00e9cis.<\/p>\n<\/div>\n<p>Auteur: Meriem IGASS<br \/>\n<a href=\"http:\/\/www.mapmarrakech.ma\/fr\/acquisition-dequipements-medicaux-pour-renforcer-loffre-de-sante\/\">Cliquez ici pour lire l&rsquo;article depuis sa source.<\/a><\/p>\n","protected":false},"excerpt":{"rendered":"<p>Chichaoua \u2013 Les autorit\u00e9s locales de Chichaoua ont proc\u00e9d\u00e9 \u00e0 l\u2019acquisition de fournitures et d\u2019\u00e9quipements m\u00e9dicaux afin de renforcer l\u2019offre de sant\u00e9 et offrir des services de qualit\u00e9 aux habitants de la province. Ainsi, le gouverneur de la province, M. Bouabid El Guerrab, accompagn\u00e9 notamment du d\u00e9l\u00e9gu\u00e9 provincial de la Sant\u00e9 par int\u00e9rim, M. Mohamed [&hellip;]<\/p>\n","protected":false},"author":1788,"featured_media":0,"comment_status":"closed","ping_status":"closed","sticky":false,"template":"","format":"standard","meta":{"fifu_image_url":"http:\/\/www.mapmarrakech.ma\/map\/uploads\/2021\/05\/sant\u00e9-chichaoua-copier.jpg","fifu_image_alt":"Acquisition d\u2019\u00e9quipements m\u00e9dicaux pour renforcer l\u2019offre de sant\u00e9","footnotes":""},"categories":[54,76],"tags":[],"class_list":["post-116155","post","type-post","status-publish","format-standard","hentry","category-maroc","category-regions"],"_links":{"self":[{"href":"https:\/\/linitiative.ca\/International\/wp-json\/wp\/v2\/posts\/116155","targetHints":{"allow":["GET"]}}],"collection":[{"href":"https:\/\/linitiative.ca\/International\/wp-json\/wp\/v2\/posts"}],"about":[{"href":"https:\/\/linitiative.ca\/International\/wp-json\/wp\/v2\/types\/post"}],"author":[{"embeddable":true,"href":"https:\/\/linitiative.ca\/International\/wp-json\/wp\/v2\/users\/1788"}],"replies":[{"embeddable":true,"href":"https:\/\/linitiative.ca\/International\/wp-json\/wp\/v2\/comments?post=116155"}],"version-history":[{"count":0,"href":"https:\/\/linitiative.ca\/International\/wp-json\/wp\/v2\/posts\/116155\/revisions"}],"wp:attachment":[{"href":"https:\/\/linitiative.ca\/International\/wp-json\/wp\/v2\/media?parent=116155"}],"wp:term":[{"taxonomy":"category","embeddable":true,"href":"https:\/\/linitiative.ca\/International\/wp-json\/wp\/v2\/categories?post=116155"},{"taxonomy":"post_tag","embeddable":true,"href":"https:\/\/linitiative.ca\/International\/wp-json\/wp\/v2\/tags?post=116155"}],"curies":[{"name":"wp","href":"https:\/\/api.w.org\/{rel}","templated":true}]}}