{"id":116159,"date":"2021-05-04T12:28:01","date_gmt":"2021-05-04T16:28:01","guid":{"rendered":"https:\/\/linitiative.ca\/International\/covid-19-373-nouveaux-cas-et-465-guerisons-en-24h\/"},"modified":"2021-05-04T12:28:01","modified_gmt":"2021-05-04T16:28:01","slug":"covid-19-373-nouveaux-cas-et-465-guerisons-en-24h","status":"publish","type":"post","link":"https:\/\/linitiative.ca\/International\/covid-19-373-nouveaux-cas-et-465-guerisons-en-24h\/","title":{"rendered":"Covid-19: 373 nouveaux cas et 465 gu\u00e9risons en 24H"},"content":{"rendered":"<p class=\"rtejustify\">Un total de 373 nouveaux cas d&rsquo;infection au coronavirus et de 465 gu\u00e9risons a \u00e9t\u00e9 enregistr\u00e9 au Maroc au cours des derni\u00e8res 24 heures, a annonc\u00e9 mardi le minist\u00e8re de la Sant\u00e9.<\/p>\n<p class=\"rtejustify\">Le nombre des personnes vaccin\u00e9es \u00e0 ce jour (1\u00e8re dose) a atteint 5.177.964, indique le minist\u00e8re dans son bulletin quotidien sur la situation de la Covid-19, relevant que les personnes qui ont \u00e9t\u00e9 compl\u00e8tement vaccin\u00e9es (1\u00e8re et 2\u00e8me doses) sont au nombre de 4.303.826. Ce nouveau bilan porte \u00e0 512.285 le nombre total des contaminations depuis le premier cas signal\u00e9 en mars 2020, tandis que le nombre des personnes r\u00e9tablies est pass\u00e9 \u00e0 499.089, soit un taux de gu\u00e9rison de 97,4%, pr\u00e9cise le minist\u00e8re.<\/p>\n<p class=\"rtejustify\">Quant au nombre total des d\u00e9c\u00e8s, il est pass\u00e9 \u00e0 9.038 avec 6 nouveaux cas recens\u00e9s en 24 heures, soit un taux de l\u00e9talit\u00e9 de 1,8%. Ces d\u00e9c\u00e8s ont \u00e9t\u00e9 enregistr\u00e9s dans les r\u00e9gions de Casablanca-Settat (4), Rabat-Sal\u00e9-K\u00e9nitra (1) et B\u00e9ni Mellal-Kh\u00e9nifra (1). Les nouvelles contaminations ont \u00e9t\u00e9 enregistr\u00e9es dans les r\u00e9gions de Casablanca-Settat (276), Souss-Massa (20), Marrakech-Safi (17), Rabat-Sal\u00e9-K\u00e9nitra (15), Tanger-T\u00e9touan-Al Hoceima (12), B\u00e9ni Mellal-Kh\u00e9nifra (7), Dakhla-Oued Eddahab (7), La\u00e2youne-Sakia El Hamra (7), l&rsquo;Oriental (6), Guelmim-Oued Noun (4) et Dar\u00e2a-Tafilalet (2).<\/p>\n<p class=\"rtejustify\">Le nombre des cas actifs s&rsquo;\u00e9l\u00e8ve \u00e0 4.158, tandis que les cas s\u00e9v\u00e8res ou critiques sont au nombre de 303, dont 18 plac\u00e9s sous intubation.<\/p>\n<p>Auteur: mbasraoui<br \/>\n<a href=\"https:\/\/www.leconomiste.com\/flash-infos\/covid-19-373-nouveaux-cas-et-465-guerisons-en-24h\">Cliquez ici pour lire l&rsquo;article depuis sa source.<\/a><\/p>\n","protected":false},"excerpt":{"rendered":"<p>Un total de 373 nouveaux cas d&rsquo;infection au coronavirus et de 465 gu\u00e9risons a \u00e9t\u00e9 enregistr\u00e9 au Maroc au cours des derni\u00e8res 24 heures, a annonc\u00e9 mardi le minist\u00e8re de la Sant\u00e9. Le nombre des personnes vaccin\u00e9es \u00e0 ce jour (1\u00e8re dose) a atteint 5.177.964, indique le minist\u00e8re dans son bulletin quotidien sur la situation [&hellip;]<\/p>\n","protected":false},"author":1763,"featured_media":0,"comment_status":"closed","ping_status":"closed","sticky":false,"template":"","format":"standard","meta":{"fifu_image_url":"","fifu_image_alt":"","footnotes":""},"categories":[78,54],"tags":[],"class_list":["post-116159","post","type-post","status-publish","format-standard","hentry","category-economie","category-maroc"],"_links":{"self":[{"href":"https:\/\/linitiative.ca\/International\/wp-json\/wp\/v2\/posts\/116159","targetHints":{"allow":["GET"]}}],"collection":[{"href":"https:\/\/linitiative.ca\/International\/wp-json\/wp\/v2\/posts"}],"about":[{"href":"https:\/\/linitiative.ca\/International\/wp-json\/wp\/v2\/types\/post"}],"author":[{"embeddable":true,"href":"https:\/\/linitiative.ca\/International\/wp-json\/wp\/v2\/users\/1763"}],"replies":[{"embeddable":true,"href":"https:\/\/linitiative.ca\/International\/wp-json\/wp\/v2\/comments?post=116159"}],"version-history":[{"count":0,"href":"https:\/\/linitiative.ca\/International\/wp-json\/wp\/v2\/posts\/116159\/revisions"}],"wp:attachment":[{"href":"https:\/\/linitiative.ca\/International\/wp-json\/wp\/v2\/media?parent=116159"}],"wp:term":[{"taxonomy":"category","embeddable":true,"href":"https:\/\/linitiative.ca\/International\/wp-json\/wp\/v2\/categories?post=116159"},{"taxonomy":"post_tag","embeddable":true,"href":"https:\/\/linitiative.ca\/International\/wp-json\/wp\/v2\/tags?post=116159"}],"curies":[{"name":"wp","href":"https:\/\/api.w.org\/{rel}","templated":true}]}}