{"id":116160,"date":"2021-05-04T15:14:09","date_gmt":"2021-05-04T19:14:09","guid":{"rendered":"https:\/\/linitiative.ca\/International\/international-as-rome-les-premiers-mots-de-mourinho\/"},"modified":"2021-05-04T15:14:09","modified_gmt":"2021-05-04T19:14:09","slug":"international-as-rome-les-premiers-mots-de-mourinho","status":"publish","type":"post","link":"https:\/\/linitiative.ca\/International\/international-as-rome-les-premiers-mots-de-mourinho\/","title":{"rendered":"International : AS Rome: les premiers mots de Mourinho"},"content":{"rendered":"<div readability=\"32\">\n<p>Auteur : <span class=\"time\">mardi 04 mai 2021 15:11<\/span><\/p>\n<\/div>\n<div id=\"post_core\" readability=\"38\">\n<p>Deux semaines apr\u00e8s son limogeage de Tottenham, Jos\u00e9 Mourinho a d\u00e9j\u00e0 retrouv\u00e9 un poste pour la saison prochaine sur le banc de l&rsquo;AS Rome. Le technicien portugais a mis en avant les ambitions du club romain pour justifier son choix: \u00ab\u00a0Apr\u00e8s des rencontres avec les propri\u00e9taires et Tiago Pinto (directeur g\u00e9n\u00e9ral), j&rsquo;ai tout de suite compris toute l&rsquo;\u00e9tendue de leurs ambitions pour l&rsquo;AS Roma. C&rsquo;est la m\u00eame ambition et le m\u00eame dynamisme qui m&rsquo;ont toujours motiv\u00e9 et ensemble nous voulons construire un projet gagnant dans les ann\u00e9es \u00e0 venir. L&rsquo;incroyable passion des supporters de la Roma m&rsquo;a convaincu d&rsquo;accepter le poste et j&rsquo;ai h\u00e2te de commencer la saison prochaine\u00a0\u00bb, a expliqu\u00e9 le Special One sur le site du club italien comme rapport\u00e9 par Maxifoot.fr.<\/p>\n<p><strong>Publi\u00e9 dans :<\/strong> <span>mourinho<\/span><\/p>\n<\/div>\n<p>Auteur:<br \/>\n<a href=\"http:\/\/www.lebuteur.com\/article\/detail?titre=as-rome-les-premiers-mots-de-mourinho&#038;id=99947&#038;utm_source=feedburner&#038;utm_medium=feed&#038;utm_campaign=Feed%3A+GalerieFArtciles+%28Les+derniers+articles++-+lebuteur.com%29\">Cliquez ici pour lire l&rsquo;article depuis sa source.<\/a><\/p>\n","protected":false},"excerpt":{"rendered":"<p>Auteur : mardi 04 mai 2021 15:11 Deux semaines apr\u00e8s son limogeage de Tottenham, Jos\u00e9 Mourinho a d\u00e9j\u00e0 retrouv\u00e9 un poste pour la saison prochaine sur le banc de l&rsquo;AS Rome. Le technicien portugais a mis en avant les ambitions du club romain pour justifier son choix: \u00ab\u00a0Apr\u00e8s des rencontres avec les propri\u00e9taires et Tiago [&hellip;]<\/p>\n","protected":false},"author":1738,"featured_media":0,"comment_status":"closed","ping_status":"closed","sticky":false,"template":"","format":"standard","meta":{"fifu_image_url":"\/\/cdn.lebuteur.com\/data\/images\/article\/thumbs\/large-roma-les-premiers-mots-de-mourinho-120b5.jpg","fifu_image_alt":"International : AS Rome: les premiers mots de Mourinho","footnotes":""},"categories":[53,75],"tags":[],"class_list":["post-116160","post","type-post","status-publish","format-standard","hentry","category-algerie","category-sport"],"_links":{"self":[{"href":"https:\/\/linitiative.ca\/International\/wp-json\/wp\/v2\/posts\/116160","targetHints":{"allow":["GET"]}}],"collection":[{"href":"https:\/\/linitiative.ca\/International\/wp-json\/wp\/v2\/posts"}],"about":[{"href":"https:\/\/linitiative.ca\/International\/wp-json\/wp\/v2\/types\/post"}],"author":[{"embeddable":true,"href":"https:\/\/linitiative.ca\/International\/wp-json\/wp\/v2\/users\/1738"}],"replies":[{"embeddable":true,"href":"https:\/\/linitiative.ca\/International\/wp-json\/wp\/v2\/comments?post=116160"}],"version-history":[{"count":0,"href":"https:\/\/linitiative.ca\/International\/wp-json\/wp\/v2\/posts\/116160\/revisions"}],"wp:attachment":[{"href":"https:\/\/linitiative.ca\/International\/wp-json\/wp\/v2\/media?parent=116160"}],"wp:term":[{"taxonomy":"category","embeddable":true,"href":"https:\/\/linitiative.ca\/International\/wp-json\/wp\/v2\/categories?post=116160"},{"taxonomy":"post_tag","embeddable":true,"href":"https:\/\/linitiative.ca\/International\/wp-json\/wp\/v2\/tags?post=116160"}],"curies":[{"name":"wp","href":"https:\/\/api.w.org\/{rel}","templated":true}]}}