{"id":116165,"date":"2021-05-04T13:46:16","date_gmt":"2021-05-04T17:46:16","guid":{"rendered":"https:\/\/linitiative.ca\/International\/sahara-occidental-le-president-sahraoui-brahim-ghali-en-convalescence-en-espagne-apres-setre-retabli-du-covid-19\/"},"modified":"2021-05-04T13:46:16","modified_gmt":"2021-05-04T17:46:16","slug":"sahara-occidental-le-president-sahraoui-brahim-ghali-en-convalescence-en-espagne-apres-setre-retabli-du-covid-19","status":"publish","type":"post","link":"https:\/\/linitiative.ca\/International\/sahara-occidental-le-president-sahraoui-brahim-ghali-en-convalescence-en-espagne-apres-setre-retabli-du-covid-19\/","title":{"rendered":"Sahara Occidental : Le Pr\u00e9sident sahraoui Brahim Ghali en convalescence en Espagne apr\u00e8s s\u2019\u00eatre r\u00e9tabli du Covid-19"},"content":{"rendered":"<h4 class=\"title-14\"\/>\n<div class=\"featured_image\"><img loading=\"lazy\" decoding=\"async\" width=\"578\" height=\"391\" src=\"https:\/\/www.elwatan.com\/wp-content\/uploads\/2021\/05\/PSX_20210504_185102.jpg\" class=\"attachment-post-thumbnail size-post-thumbnail wp-post-image\" alt=\"Brahim Ghali\" srcset=\"https:\/\/www.elwatan.com\/wp-content\/uploads\/2021\/05\/PSX_20210504_185102.jpg 578w, https:\/\/www.elwatan.com\/wp-content\/uploads\/2021\/05\/PSX_20210504_185102-300x203.jpg 300w\" sizes=\"auto, (max-width: 578px) 100vw, 578px\"\/><\/div>\n<p><strong><em>L\u2019ambassadeur de la R\u00e9publique arabe sahraouie d\u00e9mocratique (RASD) \u00e0 Alger, Abdelkader Taleb Omar a fait savoir, mardi, que le Pr\u00e9sident sahraoui Brahim Ghali \u00e9tait en convalescence en Espagne apr\u00e8s s\u2019\u00eatre remis de la Covid-19.<\/em><\/strong><\/p>\n<p>Affirmant que le Pr\u00e9sident Ghali n\u2019a \u00e9t\u00e9 destinataire d\u2019aucune convocation pour une quelconque instruction en cours, M. Taleb Omar a soulign\u00e9 que l\u2019acharnement sur la personne du pr\u00e9sident sahraoui s\u2019inscrit dans le cadre d\u2019une campagne m\u00e9diatique men\u00e9e par le Maroc visant \u00e0 embrouiller la cause\u00a0 sahraouie.<\/p>\n<p>Le r\u00e9gime du makhzen tente \u00e0 travers la mobilisation de certaines plumes\u00a0 mercenaires \u00e0 d\u00e9tourner l\u2019attention sur la cause sahraouie par les rumeurs et les mensonges, a pr\u00e9cis\u00e9 l\u2019ambassadeur sahraoui, qui a d\u00e9menti ces histoires infond\u00e9es.<\/p>\n<p>Le Maroc tente, \u00e0 travers cette guerre m\u00e9diatique, dissimuler ces violations des droits de l\u2019homme au Sahara occidental, notamment apr\u00e8s la rupture de l\u2019accord de cessez-le-feu, a-t-il encore dit.<\/p>\n<p>M. Taleb Omar a cit\u00e9, dans ce cadre, les rapports \u00e9manant de plusieurs ONG de droits de l\u2019homme \u00e0 l\u2019instar de \u00ab\u00a0Amnesty international\u00a0\u00bb et \u00ab\u00a0Human rights watch\u00a0\u00bb ayant prouv\u00e9 l\u2019implication du Maroc dans des violations des droits de l\u2019homme, rappelant \u00e9galement la derni\u00e8re d\u00e9claration du Haut commissariat de l\u2019ONU pour la protection des droits de l\u2019Homme faisant \u00e9tat de \u00ab\u00a0pressions exerc\u00e9es par des parties soutenant le r\u00e9gime marocain afin que les violations restent \u00e0 l\u2019ombre\u00a0\u00bb.<\/p>\n<p>Dans le m\u00eame sillage, il a soulign\u00e9 que la partie sahraouie n\u2019a rien \u00e0 cacher, et qu\u2019elle appelle \u00e0 la cr\u00e9ation d\u2019un m\u00e9canisme de surveillance des droits de l\u2019homme au Sahara occidental, mais le r\u00e9gime marocain refuse encore.<\/p>\n<p>Pour sa part, le repr\u00e9sentant du Front Polisario en Espagne, Abdullah Arabi a d\u00e9menti, dans une d\u00e9claration \u00e0 l\u2019APS, ce qui a \u00e9t\u00e9 rapport\u00e9 par les m\u00e9dias \u00e0 propos de la pr\u00e9tendue convocation par la justice espagnole du Pr\u00e9sident sahraoui et du Secr\u00e9taire g\u00e9n\u00e9ral du Front Polisario, Brahim Ghali.<\/p>\n<p>Le Maroc m\u00e8ne une campagne de d\u00e9sinformation, dans le cadre de la guerre psychologique, d\u2019une part, et une campagne de \u00ab\u00a0provocation et de chantage\u00a0\u00bb contre l\u2019Espagne, d\u2019autre part, afin d\u2019influencer sa position sur la\u00a0 question sahraouie et d\u2019amener Madrid \u00e0 se rebeller contre la l\u00e9galit\u00e9 internationale, a-t-il soulign\u00e9.<\/p>\n<p>Des sources de la Pr\u00e9sidence sahraouie ont d\u00e9menti, dans une d\u00e9claration \u00e0 l\u2019APS, la r\u00e9ception par le Pr\u00e9sident Ghali de toute convocation de la part de la justice espagnole, pr\u00e9cisant qu\u2019il s\u2019agit d\u2019une rumeur colport\u00e9e par le r\u00e9gime du Makhzen en raison de son \u00e9tat de d\u00e9sespoir qui l\u2019a amen\u00e9 \u00e0 faire du chantage au gouvernement espagnol pour faire le choix entre lui et\u00a0 les Sahraouis\u00a0\u00bb.<\/p>\n<p><span class=\"post-views-label\">Post Views:<\/span> <span class=\"post-views-count\">426<\/span><\/p>\n<p><br class=\"c3\"\/><\/p>\n<div class=\"ichhar-moneytagnative c5\" id=\"ichhar-1203293985\">\n<p>Advertisements<\/p>\n<\/div>\n<p><br class=\"c3\"\/><br \/>\n<br class=\"c6\"\/><\/p>\n<p>Auteur: Mohand Yahiaoui<br \/>\n<a href=\"https:\/\/www.elwatan.com\/edition\/international\/716908-04-05-2021\">Cliquez ici pour lire l&rsquo;article depuis sa source.<\/a><\/p>\n","protected":false},"excerpt":{"rendered":"<p>L\u2019ambassadeur de la R\u00e9publique arabe sahraouie d\u00e9mocratique (RASD) \u00e0 Alger, Abdelkader Taleb Omar a fait savoir, mardi, que le Pr\u00e9sident sahraoui Brahim Ghali \u00e9tait en convalescence en Espagne apr\u00e8s s\u2019\u00eatre remis de la Covid-19. Affirmant que le Pr\u00e9sident Ghali n\u2019a \u00e9t\u00e9 destinataire d\u2019aucune convocation pour une quelconque instruction en cours, M. Taleb Omar a soulign\u00e9 [&hellip;]<\/p>\n","protected":false},"author":1743,"featured_media":0,"comment_status":"closed","ping_status":"closed","sticky":false,"template":"","format":"standard","meta":{"fifu_image_url":"https:\/\/www.elwatan.com\/wp-content\/uploads\/2021\/05\/PSX_20210504_185102.jpg","fifu_image_alt":"Sahara Occidental : Le Pr\u00e9sident sahraoui Brahim Ghali en convalescence en Espagne apr\u00e8s s\u2019\u00eatre r\u00e9tabli du Covid-19","footnotes":""},"categories":[73,53],"tags":[],"class_list":["post-116165","post","type-post","status-publish","format-standard","hentry","category-actualite","category-algerie"],"_links":{"self":[{"href":"https:\/\/linitiative.ca\/International\/wp-json\/wp\/v2\/posts\/116165","targetHints":{"allow":["GET"]}}],"collection":[{"href":"https:\/\/linitiative.ca\/International\/wp-json\/wp\/v2\/posts"}],"about":[{"href":"https:\/\/linitiative.ca\/International\/wp-json\/wp\/v2\/types\/post"}],"author":[{"embeddable":true,"href":"https:\/\/linitiative.ca\/International\/wp-json\/wp\/v2\/users\/1743"}],"replies":[{"embeddable":true,"href":"https:\/\/linitiative.ca\/International\/wp-json\/wp\/v2\/comments?post=116165"}],"version-history":[{"count":0,"href":"https:\/\/linitiative.ca\/International\/wp-json\/wp\/v2\/posts\/116165\/revisions"}],"wp:attachment":[{"href":"https:\/\/linitiative.ca\/International\/wp-json\/wp\/v2\/media?parent=116165"}],"wp:term":[{"taxonomy":"category","embeddable":true,"href":"https:\/\/linitiative.ca\/International\/wp-json\/wp\/v2\/categories?post=116165"},{"taxonomy":"post_tag","embeddable":true,"href":"https:\/\/linitiative.ca\/International\/wp-json\/wp\/v2\/tags?post=116165"}],"curies":[{"name":"wp","href":"https:\/\/api.w.org\/{rel}","templated":true}]}}