{"id":116167,"date":"2021-05-04T09:32:41","date_gmt":"2021-05-04T13:32:41","guid":{"rendered":"https:\/\/linitiative.ca\/International\/la-fondation-mohammed-vi-celebre-la-premiere-journee-internationale-de-larganier\/"},"modified":"2021-05-04T09:32:41","modified_gmt":"2021-05-04T13:32:41","slug":"la-fondation-mohammed-vi-celebre-la-premiere-journee-internationale-de-larganier","status":"publish","type":"post","link":"https:\/\/linitiative.ca\/International\/la-fondation-mohammed-vi-celebre-la-premiere-journee-internationale-de-larganier\/","title":{"rendered":"La Fondation Mohammed VI c\u00e9l\u00e8bre la premi\u00e8re Journ\u00e9e Internationale de l\u2019Arganier"},"content":{"rendered":"<p><strong>L\u2019Organisation des Nations unies a proclam\u00e9 le 03 mars dernier la date du\u00a010 mai\u00a0en tant que Journ\u00e9e Internationale de l\u2019Arganier,\u00a0reconnaissant fortement ainsi le r\u00f4le environnemental, social et \u00e9conomique de notre ressource end\u00e9mique nationale.<\/strong><\/p>\n<div class=\"c10\">\n<\/div>\n<p>La Fondation Mohammed VI pour la Recherche et la Sauvegarde de l\u2019Arganier (FMVI.RSA) c\u00e9l\u00e8bre la premi\u00e8re Journ\u00e9e Internationale de l\u2019Arganier le 10 mai 2021 en organisant un event sous forme de webinaires autour d\u2019une analyse multisectorielle de l\u2019\u00e9cosyst\u00e8me arganier. Cette c\u00e9l\u00e9bration fait suite \u00e0 l\u2019adoption de l\u2019assembl\u00e9e g\u00e9n\u00e9rale des Nations unies, le 3 mars dernier, de la r\u00e9solution qui proclame le 10 mai de chaque ann\u00e9e comme Journ\u00e9e internationale de l\u2019Arganier. Cette r\u00e9solution onusienne, adopt\u00e9e \u00e0 l\u2019initiative du Maroc, a \u00e9t\u00e9 largement co-sponsoris\u00e9e par les 113 \u00c9tats membres de l\u2019ONU.<\/p>\n<p><strong>Lire aussi | <a href=\"https:\/\/www.challenge.ma\/coronavirus-un-guide-immobilier-pour-mesurer-limpact-de-la-pandemie-183510\/\" target=\"_blank\" rel=\"noreferrer noopener\">Coronavirus : un guide immobilier pour mesurer l\u2019impact de la pand\u00e9mie<\/a><\/strong><\/p>\n<p>L\u2019event de la FMVI.RSA conna\u00eetra la participation de Andr\u00e9 Azoulay, conseiller de S.M. le Roi et pr\u00e9sident de la Fondation, Sylvia Lopez-Ekra, coordonnatrice r\u00e9sidente du Syst\u00e8me des Nations unies au Maroc, Abderrahim Houmy, secr\u00e9taire g\u00e9n\u00e9ral du d\u00e9partement des Eaux et For\u00eats au minist\u00e8re de l\u2019Agriculture, de la P\u00eache maritime, du D\u00e9veloppement rural et des Eaux et For\u00eats et Adil El Maliki, gouverneur de la Province d\u2019Essaouira. Un\u00a0 bilan d\u2019\u00e9tape de la FMVI.RSA (09 mai 2004-09 mai 2021) sera pr\u00e9sent\u00e9, introduisant trois th\u00e9matiques de discussion\u00a0\u00e0 travers l\u2019intervention d\u2019experts nationaux et internationaux. Ainsi, le panel 1 abordera le d\u00e9veloppement de l\u2019arganeraie : mod\u00e8le de solidarit\u00e9 et de r\u00e9silience des femmes argani\u00e8res, le panel 2 concernera le r\u00f4le des accords internationaux et strat\u00e9gies nationales dans la sauvegarde de l\u2019\u00e9cosyst\u00e8me Arganier, tandis que le panel 3 jettera la lumi\u00e8re sur le processus allant de la recherche scientifique \u00e0 la production commerciale : cr\u00e9ation, protection et distribution de valeur dans la fili\u00e8re de l\u2019argan.<\/p>\n<p><strong>Lire aussi | <a href=\"https:\/\/www.challenge.ma\/lf-2021-la-dgi-repond-aux-questions-de-la-cgem-183516\/\" target=\"_blank\" rel=\"noreferrer noopener\">Loi de finances 2021 : la DGI r\u00e9pond aux questions de la CGEM<\/a><\/strong><\/p>\n<p>Pour rappel, l\u2019arganier est un arbre end\u00e9mique du Maroc, patrimoine culturel immat\u00e9riel de l\u2019humanit\u00e9 et source ancestrale de d\u00e9veloppement durable. La r\u00e9solution onusienne reconna\u00eet la contribution colossale du secteur de l\u2019arganier dans la mise en \u0153uvre des 17 objectifs de l\u2019agenda 2030 et la r\u00e9alisation du d\u00e9veloppement durable dans ses trois dimensions : \u00e9conomique, sociale et environnementale. Elle a, \u00e9galement, mis en valeur les nombreux usages de l\u2019huile d\u2019argan, en particulier, dans la m\u00e9decine traditionnelle, compl\u00e9mentaire et dans les industries culinaires et cosm\u00e9tiques. L\u2019autonomisation financi\u00e8re et l\u2019\u00e9mancipation de la femme dans le milieu rural, est l\u2019un des piliers du texte de cette r\u00e9solution.<\/p>\n<p>Auteur: challenge<br \/>\n<a href=\"https:\/\/www.challenge.ma\/la-fondation-mohammed-vi-celebre-la-premiere-journee-internationale-de-larganier-183539\/\">Cliquez ici pour lire l&rsquo;article depuis sa source.<\/a><\/p>\n","protected":false},"excerpt":{"rendered":"<p>L\u2019Organisation des Nations unies a proclam\u00e9 le 03 mars dernier la date du\u00a010 mai\u00a0en tant que Journ\u00e9e Internationale de l\u2019Arganier,\u00a0reconnaissant fortement ainsi le r\u00f4le environnemental, social et \u00e9conomique de notre ressource end\u00e9mique nationale. La Fondation Mohammed VI pour la Recherche et la Sauvegarde de l\u2019Arganier (FMVI.RSA) c\u00e9l\u00e8bre la premi\u00e8re Journ\u00e9e Internationale de l\u2019Arganier le 10 [&hellip;]<\/p>\n","protected":false},"author":1787,"featured_media":0,"comment_status":"closed","ping_status":"closed","sticky":false,"template":"","format":"standard","meta":{"fifu_image_url":"","fifu_image_alt":"","footnotes":""},"categories":[78,54],"tags":[],"class_list":["post-116167","post","type-post","status-publish","format-standard","hentry","category-economie","category-maroc"],"_links":{"self":[{"href":"https:\/\/linitiative.ca\/International\/wp-json\/wp\/v2\/posts\/116167","targetHints":{"allow":["GET"]}}],"collection":[{"href":"https:\/\/linitiative.ca\/International\/wp-json\/wp\/v2\/posts"}],"about":[{"href":"https:\/\/linitiative.ca\/International\/wp-json\/wp\/v2\/types\/post"}],"author":[{"embeddable":true,"href":"https:\/\/linitiative.ca\/International\/wp-json\/wp\/v2\/users\/1787"}],"replies":[{"embeddable":true,"href":"https:\/\/linitiative.ca\/International\/wp-json\/wp\/v2\/comments?post=116167"}],"version-history":[{"count":0,"href":"https:\/\/linitiative.ca\/International\/wp-json\/wp\/v2\/posts\/116167\/revisions"}],"wp:attachment":[{"href":"https:\/\/linitiative.ca\/International\/wp-json\/wp\/v2\/media?parent=116167"}],"wp:term":[{"taxonomy":"category","embeddable":true,"href":"https:\/\/linitiative.ca\/International\/wp-json\/wp\/v2\/categories?post=116167"},{"taxonomy":"post_tag","embeddable":true,"href":"https:\/\/linitiative.ca\/International\/wp-json\/wp\/v2\/tags?post=116167"}],"curies":[{"name":"wp","href":"https:\/\/api.w.org\/{rel}","templated":true}]}}