{"id":116170,"date":"2021-05-04T12:11:06","date_gmt":"2021-05-04T16:11:06","guid":{"rendered":"https:\/\/linitiative.ca\/International\/politique-il-est-possible-delever-le-niveau\/"},"modified":"2021-05-04T12:11:06","modified_gmt":"2021-05-04T16:11:06","slug":"politique-il-est-possible-delever-le-niveau","status":"publish","type":"post","link":"https:\/\/linitiative.ca\/International\/politique-il-est-possible-delever-le-niveau\/","title":{"rendered":"Politique : il est possible d\u2019\u00e9lever le niveau"},"content":{"rendered":"<p><strong>Nizar Baraka, dans une rencontre publique a tenu un discours construit. Il fait un diagnostic\u00a0: les riches sont plus riches et les pauvres plus pauvres, la diff\u00e9renciation sociale \u00e9tant \u00e0 son paroxysme depuis l\u2019ind\u00e9pendance. Il en conclut que le vrai clivage est entre ceux qui pr\u00f4nent l\u2019ultralib\u00e9ralisme et ceux qui recherchent une certaine coh\u00e9sion sociale.<\/strong><\/p>\n<div class=\"c10\">\n<\/div>\n<p>Il est dans la tradition du parti de l\u2019Istiqlal qui avait d\u00e9velopp\u00e9 la th\u00e9orie de l\u2019\u00e9galitarisme, pour ne jamais s\u2019en servir une fois aux affaires. Mais l\u00e0, n\u2019est vraiment pas la question. Nous sommes face \u00e0 un chef de parti, qui pose un constat, fixe des objectifs et lance des pistes de travail. C\u2019est exactement ce que l\u2019on attend des instances partisanes. Pour une fois qu\u2019il y en a un qui fait le boulot, on ne va pas faire la fine bouche.<\/p>\n<p><strong>Lire aussi| <a href=\"https:\/\/www.challenge.ma\/lf-2021-la-dgi-repond-aux-questions-de-la-cgem-183516\/\">Loi de finances 2021 : la DGI r\u00e9pond aux questions de la CGEM<\/a><\/strong><\/p>\n<p>N\u00e9anmoins, Nizar aura beaucoup de difficult\u00e9s \u00e0 trouver un adversaire qui se r\u00e9clame du lib\u00e9ralisme sauvage. Tous se revendiquent du lib\u00e9ralisme-social, sans d\u00e9finir les fronti\u00e8res. La raison est tr\u00e8s simple\u00a0: ceux qui profitent du lib\u00e9ralisme ne se d\u00e9placent pas pour voter. Ils soutiennent financi\u00e8rement pour acheter des voix, mais ils ne se m\u00ealent pas \u00e0 \u00ab\u00a0la pi\u00e9taille\u00a0\u00bb le jour des \u00e9lections. C\u2019est pour cela que vous ne trouverez\u00a0 jamais un candidat pour la privatisation de la sant\u00e9, alors qu\u2019on y concourt depuis 40 ans.<\/p>\n<p><strong>Lire aussi| <a href=\"https:\/\/www.challenge.ma\/lue-etudie-la-permission-dentree-aux-voyageurs-vaccines-183439\/\">L\u2019UE \u00e9tudie la permission d\u2019entr\u00e9e aux voyageurs vaccin\u00e9s<\/a><\/strong><\/p>\n<p>Le drame c\u2019est qu\u2019on a perdu, en cours de route, les gens qui r\u00e9fl\u00e9chissent, qui ont d\u2019abord la capacit\u00e9 de r\u00e9fl\u00e9chir, non pas en fonction d\u2019un int\u00e9r\u00eat, mais d\u2019une vision. Or, ce sont eux qui font les changements dans les d\u00e9mocraties matures. Un combat autour de projets peut inverser les rapports de force et nous offrir une vraie vie politique, que chaque partie r\u00e9ponde aux questions suivantes\u00a0: quelle situation vivons-nous\u00a0? Quelles sont ses projections pour l\u2019avenir\u00a0? Quel est le chemin qu\u2019il propose\u00a0? Les citoyens ont envie d\u2019approfondissement de la d\u00e9mocratie, d\u2019\u00e9galit\u00e9 sociale et d\u2019\u00e9quit\u00e9 territoriale. C\u2019est \u00e0 ce niveau qu\u2019on attend la politique.<\/p>\n<p>Auteur: Jamal Berraoui<br \/>\n<a href=\"https:\/\/www.challenge.ma\/politique-il-est-possible-delever-le-niveau-183556\/\">Cliquez ici pour lire l&rsquo;article depuis sa source.<\/a><\/p>\n","protected":false},"excerpt":{"rendered":"<p>Nizar Baraka, dans une rencontre publique a tenu un discours construit. Il fait un diagnostic\u00a0: les riches sont plus riches et les pauvres plus pauvres, la diff\u00e9renciation sociale \u00e9tant \u00e0 son paroxysme depuis l\u2019ind\u00e9pendance. Il en conclut que le vrai clivage est entre ceux qui pr\u00f4nent l\u2019ultralib\u00e9ralisme et ceux qui recherchent une certaine coh\u00e9sion sociale. [&hellip;]<\/p>\n","protected":false},"author":1787,"featured_media":0,"comment_status":"closed","ping_status":"closed","sticky":false,"template":"","format":"standard","meta":{"fifu_image_url":"","fifu_image_alt":"","footnotes":""},"categories":[78,54],"tags":[],"class_list":["post-116170","post","type-post","status-publish","format-standard","hentry","category-economie","category-maroc"],"_links":{"self":[{"href":"https:\/\/linitiative.ca\/International\/wp-json\/wp\/v2\/posts\/116170","targetHints":{"allow":["GET"]}}],"collection":[{"href":"https:\/\/linitiative.ca\/International\/wp-json\/wp\/v2\/posts"}],"about":[{"href":"https:\/\/linitiative.ca\/International\/wp-json\/wp\/v2\/types\/post"}],"author":[{"embeddable":true,"href":"https:\/\/linitiative.ca\/International\/wp-json\/wp\/v2\/users\/1787"}],"replies":[{"embeddable":true,"href":"https:\/\/linitiative.ca\/International\/wp-json\/wp\/v2\/comments?post=116170"}],"version-history":[{"count":0,"href":"https:\/\/linitiative.ca\/International\/wp-json\/wp\/v2\/posts\/116170\/revisions"}],"wp:attachment":[{"href":"https:\/\/linitiative.ca\/International\/wp-json\/wp\/v2\/media?parent=116170"}],"wp:term":[{"taxonomy":"category","embeddable":true,"href":"https:\/\/linitiative.ca\/International\/wp-json\/wp\/v2\/categories?post=116170"},{"taxonomy":"post_tag","embeddable":true,"href":"https:\/\/linitiative.ca\/International\/wp-json\/wp\/v2\/tags?post=116170"}],"curies":[{"name":"wp","href":"https:\/\/api.w.org\/{rel}","templated":true}]}}