{"id":116175,"date":"2021-05-04T17:11:12","date_gmt":"2021-05-04T21:11:12","guid":{"rendered":"https:\/\/linitiative.ca\/International\/sfax-en-direct-les-artistes-de-sfax-protestent-dune-maniere-artistique-civilisee-pour-la-huitieme-soiree-consecutive\/"},"modified":"2021-05-04T17:11:12","modified_gmt":"2021-05-04T21:11:12","slug":"sfax-en-direct-les-artistes-de-sfax-protestent-dune-maniere-artistique-civilisee-pour-la-huitieme-soiree-consecutive","status":"publish","type":"post","link":"https:\/\/linitiative.ca\/International\/sfax-en-direct-les-artistes-de-sfax-protestent-dune-maniere-artistique-civilisee-pour-la-huitieme-soiree-consecutive\/","title":{"rendered":"Sfax [EN DIRECT] : Les artistes de Sfax protestent d\u2019une mani\u00e8re artistique civilis\u00e9e pour la huiti\u00e8me soir\u00e9e cons\u00e9cutive"},"content":{"rendered":"<div class=\"post-cont-in left relative\">\n<div id=\"post-info-wrap\" class=\"left relative post-info-out\">\n<div class=\"post-info-img left relative\"><img decoding=\"async\" alt=\"\" src=\"https:\/\/secure.gravatar.com\/avatar\/ea481d7287ad38ca1787f44b5bb1b70e?s=50&amp;d=mm&amp;r=g\" srcset=\"https:\/\/secure.gravatar.com\/avatar\/ea481d7287ad38ca1787f44b5bb1b70e?s=100&amp;d=mm&amp;r=g 2x\" class=\"avatar avatar-50 photo\" height=\"50\" width=\"50\" loading=\"lazy\"\/><\/div>\n<div class=\"post-info-in\">\n<div class=\"post-info-right left relative post-info-name left relative\"><span><span class=\"post-info-text\">Par<\/span> <span class=\"author-name vcard fn author\"><a href=\"https:\/\/www.tunisienumerique.com\/author\/rania-ben-slimane\/\" title=\"Articles par rania ben slimane\" rel=\"author\">rania ben slimane<\/a><\/span><\/span> <span class=\"post-date updated\"><time class=\"post-date updated\" datetime=\"2021-05-04\">\u00a0| Il y a 39 secondes<\/time><\/span><br \/>\n<meta itemprop=\"dateModified\" content=\"2021-05-04\"\/><\/div>\n<div class=\"left relative\"><button id=\"listenButton1\" class=\"responsivevoice-button\" type=\"button\" value=\"Play\" title=\"\u00c9coutez l'article\"><span>\ud83d\udd0a \u00c9coutez l&rsquo;article<\/span><\/button>\n<\/div>\n<\/div>\n<\/div>\n<p>Notre correspondant dans la r\u00e9gion de Sfax nous a transmis une vid\u00e9o en direct de <strong>la huiti\u00e8me soir\u00e9e artistique de protestation,<\/strong> organis\u00e9e par <strong>le Syndicat des Artistes Professionnels et Professions Musicales de Sfax.<\/strong><\/p>\n<div class=\"code-block code-block-1 c5\">\n <ins class=\"adsbygoogle c4\" data-ad-layout=\"in-article\" data-ad-format=\"fluid\" data-ad-client=\"ca-pub-2102118777505746\" data-ad-slot=\"7301775417\"\/>\n<\/div>\n<p>La soir\u00e9e est anim\u00e9e dans la premi\u00e8re partie par la troupe Xband compos\u00e9e de jeunes chanteurs et musiciens et dans la deuxi\u00e8me partie par le chanteur et joueur de zukra (zokra), Anas Chaabane dans une performance d\u2019airs musicaux soufis.<\/p>\n<p>Tous les artistes portent le brassard rouge et appliquent les mesures sanitaires.<\/p>\n<p>Parmi les intervenants figure, le chef du syndicat des photographes, Slim Jbara qui a annonc\u00e9 son soutien inconditionnel aux artistes.<\/p>\n<p>Il a \u00e9galement appel\u00e9 les autorit\u00e9s \u00e0 trouver des solutions \u00e0 long terme aux probl\u00e8mes des deux secteurs.<\/p>\n<p>Bien que les photographes soient affili\u00e9s au minist\u00e8re des Affaires Culturelles, Slim a indiqu\u00e9 qu\u2019aucune aide sociale n\u2019a \u00e9t\u00e9 allou\u00e9e aux photographes et que le cahier des charges \u00e9labor\u00e9 il y a 7 ans, n\u2019a pas \u00e9t\u00e9 n\u00e9goci\u00e9 avec le gouvernement faute de procrastination des autorit\u00e9s.<\/p>\n<p>\u00ab\u00a0Il y a une monopolisation du secteur (\u2026)\u00a0Les packs propos\u00e9s des salles de f\u00eates et les impr\u00e9sarios ont nous emp\u00eachent de travailler dans les diverses c\u00e9r\u00e9monies organis\u00e9es dans ces espaces\u00a0! Il faut r\u00e9gulariser le secteur\u00bb, a-t-il expliqu\u00e9.<\/p>\n<p>Les diff\u00e9rents artistes intervenants ont confi\u00e9 \u00e0 notre correspondant des t\u00e9moignages sur les probl\u00e8mes qu\u2019ils ont rencontr\u00e9 et ont annonc\u00e9 qu\u2019ils protestaient contre la n\u00e9gligence du gouvernement face \u00e0 leur situation financi\u00e8re d\u00e9grad\u00e9e en raison des r\u00e9percussions des mesures sanitaires de lutte contre le Coronavirus.<\/p>\n<p>En effet, ils ont lanc\u00e9 \u00e0 travers les spectacles de protestation, un appel aux responsables pour examiner leur situation \u00e9conomique et appliquer les accords concernant les subventions des artistes et chanteurs et les r\u00e9formes de la pr\u00e9voyance sociale.<\/p>\n<div class=\"swp_social_panel swp_horizontal_panel swp_flat_fresh swp_default_full_color swp_individual_full_color swp_other_full_color scale-100 scale-\" data-min-width=\"1100\" data-float-color=\"#ffffff\" data-float=\"bottom\" data-float-mobile=\"bottom\" data-transition=\"slide\">\n<div class=\"nc_tweetContainer swp_share_button total_shares total_sharesalt\"><span class=\"swp_count\">0 <span class=\"swp_label\">Partages<\/span><\/span><\/div>\n<\/div>\n<p><strong>Que se passe-t-il en Tunisie?<\/strong><br \/>Nous expliquons sur notre <a href=\"https:\/\/www.youtube.com\/channel\/UCRzypVq0B_yBad5eGrwBx0Q?sub_confirmation=1\" target=\"_blank\" rel=\"noopener\">cha\u00eene YouTube<\/a> . <a href=\"https:\/\/www.youtube.com\/channel\/UCRzypVq0B_yBad5eGrwBx0Q?sub_confirmation=1\" target=\"_blank\" rel=\"noopener\">Abonnez-vous!<\/a><\/p>\n<div class=\"mvp-org-wrap\" itemprop=\"publisher\">\n<div class=\"mvp-org-logo\" itemprop=\"logo\"><img decoding=\"async\" src=\"https:\/\/www.tunisienumerique.com\/wp-content\/uploads\/2017\/02\/logo_tunisie_numerique.png\"\/><br \/>\n<meta itemprop=\"url\" content=\"https:\/\/www.tunisienumerique.com\/wp-content\/uploads\/2017\/02\/logo_tunisie_numerique.png\"\/><\/div>\n<p><meta content=\"Tunisie\"\/><\/div>\n<div class=\"mvp-related-posts left relative\">\n<h4 class=\"post-header\"><span class=\"post-header\">Lire aussi<\/span><\/h4>\n<\/div>\n<div id=\"article-ad\">\n <ins class=\"adsbygoogle c6\" data-ad-client=\"ca-pub-2102118777505746\" data-ad-slot=\"6513972734\" data-ad-format=\"auto\" data-full-width-responsive=\"true\"\/>\n<\/div>\n<\/div>\n<div id=\"post-sidebar-wrap\">\n <ins class=\"adsbygoogle c6\" data-ad-client=\"ca-pub-2102118777505746\" data-ad-slot=\"6168283410\" data-ad-format=\"auto\" data-full-width-responsive=\"true\"\/>\n<\/div>\n<p>Auteur: rania ben slimane<br \/>\n<a href=\"https:\/\/www.tunisienumerique.com\/sfax-en-direct-les-artistes-de-sfax-protestent-dune-maniere-artistique-civilisee-pour-la-huitieme-soiree-consecutive\/\">Cliquez ici pour lire l&rsquo;article depuis sa source.<\/a><\/p>\n","protected":false},"excerpt":{"rendered":"<p>Par rania ben slimane \u00a0| Il y a 39 secondes \ud83d\udd0a \u00c9coutez l&rsquo;article Notre correspondant dans la r\u00e9gion de Sfax nous a transmis une vid\u00e9o en direct de la huiti\u00e8me soir\u00e9e artistique de protestation, organis\u00e9e par le Syndicat des Artistes Professionnels et Professions Musicales de Sfax. La soir\u00e9e est anim\u00e9e dans la premi\u00e8re partie par [&hellip;]<\/p>\n","protected":false},"author":1789,"featured_media":0,"comment_status":"closed","ping_status":"closed","sticky":false,"template":"","format":"standard","meta":{"fifu_image_url":"https:\/\/secure.gravatar.com\/avatar\/ea481d7287ad38ca1787f44b5bb1b70e?s=50&d=mm&r=g","fifu_image_alt":"Sfax [EN DIRECT] : Les artistes de Sfax protestent d\u2019une mani\u00e8re artistique civilis\u00e9e pour la huiti\u00e8me soir\u00e9e cons\u00e9cutive","footnotes":""},"categories":[73,55],"tags":[],"class_list":["post-116175","post","type-post","status-publish","format-standard","hentry","category-actualite","category-tunisie"],"_links":{"self":[{"href":"https:\/\/linitiative.ca\/International\/wp-json\/wp\/v2\/posts\/116175","targetHints":{"allow":["GET"]}}],"collection":[{"href":"https:\/\/linitiative.ca\/International\/wp-json\/wp\/v2\/posts"}],"about":[{"href":"https:\/\/linitiative.ca\/International\/wp-json\/wp\/v2\/types\/post"}],"author":[{"embeddable":true,"href":"https:\/\/linitiative.ca\/International\/wp-json\/wp\/v2\/users\/1789"}],"replies":[{"embeddable":true,"href":"https:\/\/linitiative.ca\/International\/wp-json\/wp\/v2\/comments?post=116175"}],"version-history":[{"count":0,"href":"https:\/\/linitiative.ca\/International\/wp-json\/wp\/v2\/posts\/116175\/revisions"}],"wp:attachment":[{"href":"https:\/\/linitiative.ca\/International\/wp-json\/wp\/v2\/media?parent=116175"}],"wp:term":[{"taxonomy":"category","embeddable":true,"href":"https:\/\/linitiative.ca\/International\/wp-json\/wp\/v2\/categories?post=116175"},{"taxonomy":"post_tag","embeddable":true,"href":"https:\/\/linitiative.ca\/International\/wp-json\/wp\/v2\/tags?post=116175"}],"curies":[{"name":"wp","href":"https:\/\/api.w.org\/{rel}","templated":true}]}}