{"id":116176,"date":"2021-05-04T12:17:11","date_gmt":"2021-05-04T16:17:11","guid":{"rendered":"https:\/\/linitiative.ca\/International\/declaration-liminaire-cfop\/"},"modified":"2021-05-04T12:17:11","modified_gmt":"2021-05-04T16:17:11","slug":"declaration-liminaire-cfop","status":"publish","type":"post","link":"https:\/\/linitiative.ca\/International\/declaration-liminaire-cfop\/","title":{"rendered":"DECLARATION LIMINAIRE CFOP"},"content":{"rendered":"<div class=\"td-post-featured-image\"><a href=\"https:\/\/www.sidwaya.info\/wp-content\/uploads\/2021\/05\/CFOP.jpg\" data-caption=\"\"><img loading=\"lazy\" decoding=\"async\" width=\"294\" height=\"172\" class=\"entry-thumb td-modal-image\" src=\"https:\/\/www.sidwaya.info\/wp-content\/uploads\/2021\/05\/CFOP.jpg\" srcset=\"https:\/\/www.sidwaya.info\/wp-content\/uploads\/2021\/05\/CFOP.jpg 294w, https:\/\/www.sidwaya.info\/wp-content\/uploads\/2021\/05\/CFOP-150x88.jpg 150w\" sizes=\"auto, (max-width: 294px) 100vw, 294px\" alt=\"\" title=\"CFOP\"\/><\/a><\/div>\n<p>Bonjour \u00e0 tous.<\/p>\n<p>Merci d\u2019honorer de votre pr\u00e9sence la pr\u00e9sente conf\u00e9rence de presse du <strong>CFOP,<\/strong> premi\u00e8re du genre depuis notre prise de fonction.<\/p>\n<p>Comme vous le savez notre pays et en proie \u00e0 des attaques terroriste depuis 2015, cela entraine de nombreuses victimes dans notre pays pas plus tard que hier une trentaine (30) personnes a \u00e9t\u00e9 tu\u00e9s \u00e0 KODYEL dans la Komandjari<\/p>\n<p>Je voudrais vous demander de vous lever pour observer une minute de silence, \u00e0 leur m\u00e9moire.<\/p>\n<p>Je vous remercie.<\/p>\n<p>Mesdames et messieurs les membres du cadre de concertation de l\u2019opposition politique,<\/p>\n<p>Mesdames et messieurs les journalistes,<\/p>\n<p>Il est de coutume d\u2019accorder une tr\u00eave de cent jours au pr\u00e9sident nouvellement \u00e9lu et \u00a0\u00e0 la majorit\u00e9 \u00a0install\u00e9e\u00a0 pour leur permettre de mettre en place leur admiration et leur programme de soci\u00e9t\u00e9.<\/p>\n<p>Ce laps de temps \u00e9tant r\u00e9volu, il est du devoir de l\u2019opposition politique de passer en revue les cent jours de la gouvernance politique, \u00e9conomique et social du deuxi\u00e8me mandat du Pr\u00e9sident Roch <strong>KABORE<\/strong>.<\/p>\n<p><strong class=\"c1\">AU PLAN DE LA GOUVERNANCE POLITIQUE<\/strong><\/p>\n<p>Malgr\u00e9 la mise en place d\u2019un nouveau gouvernement le 10 janvier 2021, le front s\u00e9curitaire ne cesse de s\u2019enliser.<\/p>\n<ul>\n<li>Absence de r\u00e9formes politiques substantielles si ce n\u2019est la cr\u00e9ation d\u2019un minist\u00e8re de la r\u00e9conciliation nationale et de la coh\u00e9sion sociale.<\/li>\n<li>Les morts se comptent par dizaine notamment \u00e0 l\u2019est, au Nord et au Centre Nord aux quatre coins du pays.<\/li>\n<li>L\u2019Occupation du territoire nationale par des hommes arm\u00e9s non identifi\u00e9s qui imposent leur mode de vie et de gouvernance au m\u00e9pris d\u2019un Etat de droit\u00a0;<\/li>\n<li>L\u2019Accroissement du nombre de d\u00e9plac\u00e9\u00a0interne qui atteint aujourd\u2019hui plus de 1 200 000 d\u00e9plac\u00e9s ;<\/li>\n<li>Les populations vivent dans une situation s\u00e9curitaire et alimentaire pr\u00e9caire.<\/li>\n<\/ul>\n<p><strong class=\"c1\">AU PLAN DE \u00a0LA GOUVERNANCE\u00a0 ECONOMIQUE<\/strong><\/p>\n<p>Le Plan National de D\u00e9veloppement Economique et social (PNDES) \u00e9tant arriv\u00e9 \u00e0 terme avec le premier mandat du Pr\u00e9sident <strong>KABORE,<\/strong> le nouveau r\u00e9f\u00e9rentiel de d\u00e9veloppement est toujours en cours d\u2019\u00e9laboration. Pendant ce temps, le gouvernement navigue \u00e0 vue. Ce qui entraine une recrudescence de la mal-gouvernance notamment le bradage des march\u00e9s et la mont\u00e9e de la corruption.<\/p>\n<p>D\u2019ailleurs, le diagnostic entrepris par le Ministre de la sant\u00e9 le Pr Charlemagne Ou\u00e9draogo dans les \u00e9tablissements sanitaires du pays laisse entrevoir des \u00a0CHUR\u00a0 sous \u00e9quip\u00e9s, des\u00a0 chantiers mal ex\u00e9cut\u00e9s ou des infrastructures inachev\u00e9es alors que les march\u00e9s aff\u00e9rents ont \u00e9t\u00e9 pass\u00e9s \u00e0 des co\u00fbts de milliards de FCFA.<\/p>\n<p>En outre, le climat des affaires ne cesse de se d\u00e9t\u00e9riorer. Ce qui entraine la fermeture des entreprises et des unit\u00e9s industrielles et l\u2019augmentation du nombre de ch\u00f4meurs. L\u2019on est \u00e0 m\u00eame de se demander o\u00f9 sont pass\u00e9s les milliards F CFA d\u00e9bloqu\u00e9s pour soutenir les entreprises en difficult\u00e9 li\u00e9s \u00e0 la pand\u00e9mie du Covid19.<\/p>\n<p>La fermeture des fronti\u00e8res terrestres a \u00e9galement \u00a0eu des cons\u00e9quences n\u00e9fastes sur l\u2019\u00e9conomie du Burkina Faso qui, faut-il le rappeler, est un pays enclav\u00e9.<\/p>\n<p>Les prix des produits de grande consommation ne fait qu\u2019augmenter. Par exemple le prix du sac de 100 kg de mais est pass\u00e9 de 12500 en janvier \u00e0 22500 ce mois d\u2019avril. L\u2019inflation est galopante. Selon les statistiques de l\u2019UEMOA, elle est la plus importante de la sous-r\u00e9gion. Ce qui rend la vie ch\u00e8re de plus en plus intenable pour nos braves populations.<\/p>\n<p><strong class=\"c1\">AU PLAN DE LA GOUVERNANCE SOCIALE<\/strong><\/p>\n<p>Le front social se radicalise de plus en plus. Mal entreprises, les reformes dans le secteur de l\u2019\u00e9ducation menacent la bonne tenue \u00a0de l\u2019ann\u00e9e scolaire. Depuis plus d\u2019une semaine, des milliers d\u2019\u00e9l\u00e8ves sont dans la rue sur le territoire national. Aucune issue pour sauver une fois de plus l\u2019\u00e9cole burkinab\u00e8 n\u2019est perceptible \u00e0 l\u2019horizon.<\/p>\n<p>A cela s\u2019ajoutent des gr\u00e8ves justifi\u00e9es des braves travailleurs. Outre la grogne des habitants de la r\u00e9gion de l\u2019Est pour revendiquer plus d\u2019attention sur le d\u00e9veloppement du Gulmu, ce sont les travailleurs de la mairie de la capitale qui crient leur ras-le-bol.<\/p>\n<p>La question fonci\u00e8re reste un boulet au pied du gouvernement. Celle-ci risque d\u2019\u00eatre une bombe sociale dans les jours \u00e0 venir. La pr\u00e9dation organis\u00e9e par des soci\u00e9t\u00e9s immobili\u00e8res \u00e9cran et des promoteurs v\u00e9reux entraine un \u00ab\u00a0d\u00e9p\u00e8cement\u00a0\u00bb de plusieurs localit\u00e9s du pays au point que les populations n\u2019ont plus d\u2019espace pour se construire un logis ou pour cultiver.<\/p>\n<p>L\u2019opposition politique Burkinab\u00e8 consciente de son r\u00f4le r\u00e9publicain entend jouer pleinement sa partition pour aider \u00e0 juguler les probl\u00e8mes de gouvernances auxquels notre pays est confront\u00e9. C\u2019est dans cette dynamique qu\u2019une rencontre a r\u00e9uni le CFOP et le ministre d\u2019Etat charg\u00e9 de la r\u00e9conciliation nationale et de la coh\u00e9sion sociale. A cette occasion, les partis membres du CFOP, ont r\u00e9affirm\u00e9 leur volont\u00e9 et leur disponibilit\u00e9 \u00e0 accompagner le gouvernement dans sa mission pour peu que\u00a0le processus soit inclusif et sinc\u00e8re.<\/p>\n<p><strong class=\"c1\">RECOMMANDATIONS<\/strong><\/p>\n<p>Face aux probl\u00e8mes qui minent actuellement notre pays au point de porter atteinte \u00e0 son int\u00e9grit\u00e9 territoriale, \u00e0 sa stabilit\u00e9 \u00e9conomique et \u00e0 la paix sociale, le CFOP recommande\u00a0:<\/p>\n<ul>\n<li>Le recouvrement du territoire national dans son int\u00e9gralit\u00e9\u00a0 dans les plus brefs d\u00e9lais;<\/li>\n<li>Le retour de populations d\u00e9plac\u00e9es dans leurs localit\u00e9s d\u2019origine\u00a0;<\/li>\n<li>La r\u00e9affirmation de l\u2019Etat de droit et la r\u00e9instauration de l\u2019autorit\u00e9 de l\u2019\u00e9tat sur toute l\u2019\u00e9tendue du territoire\u00a0;<\/li>\n<li>La prise en charge des populations d\u00e9munies, les plus vuln\u00e9rables\u00a0;<\/li>\n<li>La prise en charge imm\u00e9diate et sans d\u00e9lais des veuves et orphelins des forces de d\u00e9fenses et de s\u00e9curit\u00e9s tomb\u00e9s pour la patrie, dans la d\u00e9fense de l\u2019int\u00e9grit\u00e9 territoriale\u00a0;<\/li>\n<li>La baisse des prix de produits de grande consommation de premi\u00e8re n\u00e9cessit\u00e9 et des hydrocarbures\u00a0;<\/li>\n<li>La reprise du dialogue avec les partenaires sociaux auxquels le CFOP r\u00e9affirme son soutien ind\u00e9fectible et sans faille\u00a0;<\/li>\n<li>L\u2019application stricte des recommandations de l\u2019enqu\u00eate parlementaire sur le foncier\u00a0;<\/li>\n<li>La r\u00e9alisation effective des infrastructures et b\u00e2timents dont la pose de la premi\u00e8re pierre a \u00e9t\u00e9 effectu\u00e9e \u00e0 des fins \u00e9lectoralistes et qui n\u2019ont jamais vu le jour\u00a0;<\/li>\n<li>La r\u00e9ouverture sans d\u00e9lais des fronti\u00e8res terrestres.<\/li>\n<\/ul>\n<p>Merci pour votre aimable attention. Je suis \u00e0 votre disposition pour vos questions.<\/p>\n<p>Que Dieu b\u00e9nisse le Burkina Faso\u00a0!<\/p>\n<p><strong class=\"c1\">Eddie W. KOMBOIGO<\/strong><\/p>\n<p>Ouagadougou le 04 avril 2021<\/p>\n<div class=\"td-a-rec td-a-rec-id-content_bottom tdi_33_215 td_block_template_1\">\n<p><img loading=\"lazy\" decoding=\"async\" class=\"aligncenter size-full wp-image-27454\" src=\"https:\/\/www.sidwaya.info\/wp-content\/uploads\/2020\/10\/PUB-Bandeau-paiement-mobile-siteweb.jpg\" alt=\"\" width=\"728\" height=\"90\"\/><\/div>\n<p>Auteur: Wamini SIDWAYA<br \/>\n<a href=\"https:\/\/www.sidwaya.info\/blog\/2021\/05\/04\/declaration-liminaire-cfop\/\">Cliquez ici pour lire l&rsquo;article depuis sa source.<\/a><\/p>\n","protected":false},"excerpt":{"rendered":"<p>Bonjour \u00e0 tous. Merci d\u2019honorer de votre pr\u00e9sence la pr\u00e9sente conf\u00e9rence de presse du CFOP, premi\u00e8re du genre depuis notre prise de fonction. Comme vous le savez notre pays et en proie \u00e0 des attaques terroriste depuis 2015, cela entraine de nombreuses victimes dans notre pays pas plus tard que hier une trentaine (30) personnes [&hellip;]<\/p>\n","protected":false},"author":1816,"featured_media":0,"comment_status":"closed","ping_status":"closed","sticky":false,"template":"","format":"standard","meta":{"fifu_image_url":"https:\/\/www.sidwaya.info\/wp-content\/uploads\/2021\/05\/CFOP.jpg","fifu_image_alt":"DECLARATION LIMINAIRE CFOP","footnotes":""},"categories":[73,81],"tags":[],"class_list":["post-116176","post","type-post","status-publish","format-standard","hentry","category-actualite","category-burkina-faso"],"_links":{"self":[{"href":"https:\/\/linitiative.ca\/International\/wp-json\/wp\/v2\/posts\/116176","targetHints":{"allow":["GET"]}}],"collection":[{"href":"https:\/\/linitiative.ca\/International\/wp-json\/wp\/v2\/posts"}],"about":[{"href":"https:\/\/linitiative.ca\/International\/wp-json\/wp\/v2\/types\/post"}],"author":[{"embeddable":true,"href":"https:\/\/linitiative.ca\/International\/wp-json\/wp\/v2\/users\/1816"}],"replies":[{"embeddable":true,"href":"https:\/\/linitiative.ca\/International\/wp-json\/wp\/v2\/comments?post=116176"}],"version-history":[{"count":0,"href":"https:\/\/linitiative.ca\/International\/wp-json\/wp\/v2\/posts\/116176\/revisions"}],"wp:attachment":[{"href":"https:\/\/linitiative.ca\/International\/wp-json\/wp\/v2\/media?parent=116176"}],"wp:term":[{"taxonomy":"category","embeddable":true,"href":"https:\/\/linitiative.ca\/International\/wp-json\/wp\/v2\/categories?post=116176"},{"taxonomy":"post_tag","embeddable":true,"href":"https:\/\/linitiative.ca\/International\/wp-json\/wp\/v2\/tags?post=116176"}],"curies":[{"name":"wp","href":"https:\/\/api.w.org\/{rel}","templated":true}]}}