{"id":116177,"date":"2021-05-04T16:47:41","date_gmt":"2021-05-04T20:47:41","guid":{"rendered":"https:\/\/linitiative.ca\/International\/cote-divoire-lheure-de-la-decrispation\/"},"modified":"2021-05-04T16:47:41","modified_gmt":"2021-05-04T20:47:41","slug":"cote-divoire-lheure-de-la-decrispation","status":"publish","type":"post","link":"https:\/\/linitiative.ca\/International\/cote-divoire-lheure-de-la-decrispation\/","title":{"rendered":"C\u00f4te d\u2019ivoire : l\u2019heure  de la d\u00e9crispation !"},"content":{"rendered":"<div class=\"td-post-featured-image\"><a href=\"https:\/\/www.sidwaya.info\/wp-content\/uploads\/2021\/04\/mercure-1.jpg\" data-caption=\"\"><img loading=\"lazy\" decoding=\"async\" width=\"696\" height=\"501\" class=\"entry-thumb td-modal-image\" src=\"https:\/\/www.sidwaya.info\/wp-content\/uploads\/2021\/04\/mercure-1-696x501.jpg\" srcset=\"https:\/\/www.sidwaya.info\/wp-content\/uploads\/2021\/04\/mercure-1-696x501.jpg 696w, https:\/\/www.sidwaya.info\/wp-content\/uploads\/2021\/04\/mercure-1-300x216.jpg 300w, https:\/\/www.sidwaya.info\/wp-content\/uploads\/2021\/04\/mercure-1-150x108.jpg 150w, https:\/\/www.sidwaya.info\/wp-content\/uploads\/2021\/04\/mercure-1-584x420.jpg 584w, https:\/\/www.sidwaya.info\/wp-content\/uploads\/2021\/04\/mercure-1.jpg 709w\" sizes=\"auto, (max-width: 696px) 100vw, 696px\" alt=\"\" title=\"mercure\"\/><\/a><\/div>\n<p>Visiblement, le pr\u00e9sident ivoirien, Alassane Ouattara, ne compte pas se d\u00e9dire dans sa volont\u00e9 de r\u00e9concilier son peuple, apr\u00e8s les turbulences que le pays a connues, depuis les \u00e9v\u00e8nements de 2011. Les derni\u00e8res \u00e9volutions de l\u2019actualit\u00e9 ivoirienne, le d\u00e9montrent \u00e0 suffisance. En effet, depuis que la Chambre d\u2019appel de la Cour p\u00e9nale internationale (CPI) a confirm\u00e9 l\u2019acquittement de l\u2019ancien pr\u00e9sident, Laurent Gbagbo, les initiatives pour pr\u00e9parer son retour en C\u00f4te d\u2019Ivoire se sont multipli\u00e9es et se sont m\u00eame acc\u00e9l\u00e9r\u00e9es en fin de semaine derni\u00e8re. On le sait, six proches et pas des moindres, de l\u2019ex-chef d\u2019\u00c9tat sont revenus au pays.<\/p>\n<p>Il s\u2019agit de sa s\u0153ur cadette, Jeannette Koudou, de son porte-parole, Justin Katina Kon\u00e9 et bien d\u2019autres qui \u00e9taient en exil depuis dix ans au Ghana voisin. Le retour de ces cadres et inconditionnels du Front populaire ivoirien (FPI), selon les autorit\u00e9s d\u2019Abidjan, s\u2019inscrit dans le cadre des pr\u00e9paratifs du retour en C\u00f4te d\u2019Ivoire de Laurent Gbagbo et de Charles Bl\u00e9 Goud\u00e9, attendus impatiemment par leurs partisans. Au m\u00eame moment, \u00e0 ce qui se dit, il est annonc\u00e9 la lib\u00e9ration d\u2019une centaine de prisonniers accus\u00e9s de violences li\u00e9es \u00e0 la pr\u00e9sidentielle de 2020. Si on se tient \u00e0 ces exemples, l\u2019on est fond\u00e9 \u00e0 croire que l\u2019heure de la d\u00e9crispation de la situation sociopolitique, nagu\u00e8re d\u00e9l\u00e9t\u00e8re, a sonn\u00e9 au bord de la Lagune Ebri\u00e9.<\/p>\n<p>Cela, de toute \u00e9vidence, est \u00e0 l\u2019honneur des acteurs politiques ivoiriens, au grand bonheur du peuple qui, disons-le, ne souhaite plus le retour des vieux d\u00e9mons. Cette dynamique dans laquelle s\u2019est lanc\u00e9e le pr\u00e9sident Ouattara, est salu\u00e9e par plus d\u2019un observateur et politologue du feuilleton ivoirien qui y voient les v\u00e9ritables pr\u00e9mices d\u2019une r\u00e9conciliation, jug\u00e9e fondamentale pour le pays.<\/p>\n<p>\u00ab C\u2019est un pas important vers la r\u00e9conciliation et la paix en C\u00f4te d\u2019Ivoire \u00bb, rel\u00e8ve un communiqu\u00e9 du FPI, d\u00e8s l\u2019annonce du retour de leurs compatriotes. Le plus \u00e9difiant, allant dans le sens de l\u2019apaisement, est le fait qu\u2019en intelligence avec des cadres du FPI, le Premier ministre, Patrick Achi et son ministre en charge de la R\u00e9conciliation nationale, Konan Kouadio Bertin (KKB), ont entam\u00e9 des d\u00e9marches pour pr\u00e9parer un retour, en toute s\u00e9curit\u00e9 du pr\u00e9sident Gbagbo. Si, pour l\u2019instant, aucune date n\u2019a encore \u00e9t\u00e9 retenue pour le retour du Woody de Mama, tout porte \u00e0 croire que l\u2019intention du locataire du palais de Cocody de voir son ennemi d\u2019hier regagner son bercail est loin d\u2019\u00eatre une chim\u00e8re.<\/p>\n<p>En effet, au-del\u00e0 de toute consid\u00e9ration, il n\u2019est pas exag\u00e9r\u00e9 de penser que le gouvernement ivoirien semble engag\u00e9 \u00e0 r\u00e9unir les fils et filles d\u2019Houphou\u00ebt Boigny vers un id\u00e9al commun. Il reste \u00e0 esp\u00e9rer que le retour de ces exil\u00e9s et de leur mentor, Laurent Gbagbo, qui cache bien un accord politique \u00ab tacite \u00bb, selon certains, serve de balise solide d\u2019une v\u00e9ritable r\u00e9conciliation nationale, pour le moins, tel que le clame urbi et orbi les parties prenantes du landerneau politique national.<\/p>\n<p>C\u2019est dire que la peine de 20 ans inflig\u00e9e \u00e0 l\u2019ancien pr\u00e9sident Gbagbo dans l\u2019affaire dite \u00ab casse de la BECEAO \u00bb qui plane comme une \u00e9p\u00e9e de Damocl\u00e8s sur lui, devrait trouver un modus vivendi entre les acteurs. Ce, en faisant table rase du pass\u00e9 douloureux que le pays a travers\u00e9 et qui hante toujours les esprits. Mais, comment cela pourrait-il \u00eatre possible ?<\/p>\n<p>Est-on tent\u00e9 de se demander si tant est que les principes d\u2019un \u00e9tat de droit doit pr\u00e9valoir. En tous les cas, seul le pouvoir d\u2019Abidjan saura mieux s\u2019y prendre, pour peu qu\u2019il ne veuille s\u2019inscrire en porte-\u00e0-faux avec les d\u00e9clarations d\u2019intention. Pour l\u2019heure, loin de verser dans un optimisme b\u00e9at, ce qui se donne \u00e0 voir sur la sc\u00e8ne politique ivoirienne pr\u00e9sage des lendemains meilleurs pour un climat sociopolitique apais\u00e9 quand bien m\u00eame, sa p\u00e9rennit\u00e9 peut demeurer sujette \u00e0 caution.<\/p>\n<p class=\"c1\"><strong>Souma\u00efla BONKOUNGOU<\/strong><\/p>\n<div class=\"td-a-rec td-a-rec-id-content_bottom tdi_33_901 td_block_template_1\">\n<p><img loading=\"lazy\" decoding=\"async\" class=\"aligncenter size-full wp-image-27454\" src=\"https:\/\/www.sidwaya.info\/wp-content\/uploads\/2020\/10\/PUB-Bandeau-paiement-mobile-siteweb.jpg\" alt=\"\" width=\"728\" height=\"90\"\/><\/div>\n<p>Auteur: JK. Sidwaya<br \/>\n<a href=\"https:\/\/www.sidwaya.info\/blog\/2021\/05\/04\/cote-divoire-lheure-de-la-decrispation\/\">Cliquez ici pour lire l&rsquo;article depuis sa source.<\/a><\/p>\n","protected":false},"excerpt":{"rendered":"<p>Visiblement, le pr\u00e9sident ivoirien, Alassane Ouattara, ne compte pas se d\u00e9dire dans sa volont\u00e9 de r\u00e9concilier son peuple, apr\u00e8s les turbulences que le pays a connues, depuis les \u00e9v\u00e8nements de 2011. Les derni\u00e8res \u00e9volutions de l\u2019actualit\u00e9 ivoirienne, le d\u00e9montrent \u00e0 suffisance. En effet, depuis que la Chambre d\u2019appel de la Cour p\u00e9nale internationale (CPI) a [&hellip;]<\/p>\n","protected":false},"author":1816,"featured_media":0,"comment_status":"closed","ping_status":"closed","sticky":false,"template":"","format":"standard","meta":{"fifu_image_url":"https:\/\/www.sidwaya.info\/wp-content\/uploads\/2021\/04\/mercure-1-696x501.jpg","fifu_image_alt":"C\u00f4te d\u2019ivoire : l\u2019heure  de la d\u00e9crispation !","footnotes":""},"categories":[73,81],"tags":[],"class_list":["post-116177","post","type-post","status-publish","format-standard","hentry","category-actualite","category-burkina-faso"],"_links":{"self":[{"href":"https:\/\/linitiative.ca\/International\/wp-json\/wp\/v2\/posts\/116177","targetHints":{"allow":["GET"]}}],"collection":[{"href":"https:\/\/linitiative.ca\/International\/wp-json\/wp\/v2\/posts"}],"about":[{"href":"https:\/\/linitiative.ca\/International\/wp-json\/wp\/v2\/types\/post"}],"author":[{"embeddable":true,"href":"https:\/\/linitiative.ca\/International\/wp-json\/wp\/v2\/users\/1816"}],"replies":[{"embeddable":true,"href":"https:\/\/linitiative.ca\/International\/wp-json\/wp\/v2\/comments?post=116177"}],"version-history":[{"count":0,"href":"https:\/\/linitiative.ca\/International\/wp-json\/wp\/v2\/posts\/116177\/revisions"}],"wp:attachment":[{"href":"https:\/\/linitiative.ca\/International\/wp-json\/wp\/v2\/media?parent=116177"}],"wp:term":[{"taxonomy":"category","embeddable":true,"href":"https:\/\/linitiative.ca\/International\/wp-json\/wp\/v2\/categories?post=116177"},{"taxonomy":"post_tag","embeddable":true,"href":"https:\/\/linitiative.ca\/International\/wp-json\/wp\/v2\/tags?post=116177"}],"curies":[{"name":"wp","href":"https:\/\/api.w.org\/{rel}","templated":true}]}}