{"id":116179,"date":"2021-05-04T12:18:02","date_gmt":"2021-05-04T16:18:02","guid":{"rendered":"https:\/\/linitiative.ca\/International\/senegal-la-coree-appuie-des-projets-de-developpement\/"},"modified":"2021-05-04T12:18:02","modified_gmt":"2021-05-04T16:18:02","slug":"senegal-la-coree-appuie-des-projets-de-developpement","status":"publish","type":"post","link":"https:\/\/linitiative.ca\/International\/senegal-la-coree-appuie-des-projets-de-developpement\/","title":{"rendered":"S\u00e9n\u00e9gal : la Cor\u00e9e appuie des projets de d\u00e9veloppement"},"content":{"rendered":"<div readability=\"32\">\n<p>Publi\u00e9 le 04.05.2021 \u00e0 17h18 par APA News<\/p>\n<\/div>\n<div readability=\"87\">\n<p>Les fonds fournis par l\u2019Agence cor\u00e9enne de Coop\u00e9ration internationale (KOICA) vont permettre de financer trois programmes dont celui de la 2\u00e8me phase du Projet de d\u00e9veloppement de la cha\u00eene de valeur du riz dans la vall\u00e9e du fleuve S\u00e9n\u00e9gal.Quelques jours apr\u00e8s avoir obtenu du Fonds mon\u00e9taire international 650 millions de dollars pour soutenir son \u00e9conomie, le S\u00e9n\u00e9gal vient de b\u00e9n\u00e9ficier de la Cor\u00e9e du sud une enveloppe de 21 000 000 dollars US, soit environ 11 413 920 000 FCFA, pour financer trois projets de d\u00e9veloppement.<\/p>\n<p>Le premier projet porte sur la 2\u00e8me phase du Projet de d\u00e9veloppement de la cha\u00eene de valeur du riz dans la vall\u00e9e du fleuve S\u00e9n\u00e9gal. D\u2019un co\u00fbt de 11 000 000 dollars US, soit 5 978 720 000 F CFA, il a pour objectif de contribuer \u00e0 l\u2019am\u00e9lioration des revenus agricoles par la construction et la r\u00e9habilitation des infrastructures de production et de gestion post-r\u00e9colte, telles que les rizeries, les magasins de stockage et le centre d\u2019exploitation de services m\u00e9canis\u00e9s.<\/p>\n<p>Le second programme porte sur le Projet de village pilote SAEMOUL \u00e0 Podor pour un montant de 2 500 000 dollars US, soit 1 400 000 000 F CFA. Il devrait permettre d\u2019am\u00e9liorer la r\u00e9silience des r\u00e9sidents par le biais du renforcement de capacit\u00e9s et d\u2019accro\u00eetre la productivit\u00e9 agricole. Ceci afin de favoriser l\u2019augmentation des revenus des producteurs.<\/p>\n<p>Le troisi\u00e8me et dernier programme concerne le projet d\u2019\u00e9tablissement d\u2019un centre de cr\u00e9ation et d\u2019incubation de start-ups au sein de l\u2019Institut Sup\u00e9rieur d\u2019Enseignement Professionnel (ISEP) de Diamniadio. Il vise \u00e0 autonomiser les jeunes s\u00e9n\u00e9galais \u00e0 travers l\u2019entreprenariat et de soutenir les start-ups par le biais de programmes d\u2019un centre d\u2019incubation et d\u2019un \u00ab makerspace \u00bb. La contribution de la KOICA \u00e0 son financement s\u2019\u00e9l\u00e8ve \u00e0 7 500 000 dollars US, soit 4 076 400 000 F CFA.<\/p>\n<p>Le ministre s\u00e9n\u00e9galais de l\u2019Economie, du Plan et de la Coop\u00e9ration, Amadou Hott, a magnifi\u00e9 la diversit\u00e9 des domaines et des modes d\u2019intervention de la coop\u00e9ration cor\u00e9enne au S\u00e9n\u00e9gal. A l\u2019en croire, ces domaines embrassent le d\u00e9veloppement rural, l\u2019entreprenariat, le transport, la sant\u00e9 ainsi que l\u2019\u00e9nergie et les technologies de l\u2019information et de la communication.<\/p>\n<p>Les modes d\u2019interventions portent sur des subventions aux projets\/programmes, mais aussi des emprunts \u00e0 des conditions pr\u00e9f\u00e9rentielles, a-t-il pr\u00e9cis\u00e9 dans le communiqu\u00e9 de son d\u00e9partement parvenu \u00e0 APA.<\/p>\n<p>Amadou Hott a par ailleurs annonc\u00e9 que sur la base d\u2019une coop\u00e9ration \u00ab aussi \u00e9troite \u00bb, Dakar envisage la signature d\u2019un accord-cadre de coop\u00e9ration avec S\u00e9oul. Cet accord, a-t-il, soulign\u00e9, va am\u00e9liorer l\u2019efficacit\u00e9 de l\u2019aide avec une liste de projets s\u00e9lectionn\u00e9s, conform\u00e9ment au Programme d\u2019Actions Prioritaires Ajust\u00e9 et Acc\u00e9l\u00e9r\u00e9 (PAP 2A) du Plan S\u00e9n\u00e9gal Emergent.<\/p>\n<\/div>\n<p>Auteur: APA News<br \/>\n<a href=\"https:\/\/www.journalducameroun.com\/senegal-la-coree-appuie-des-projets-de-developpement\/\">Cliquez ici pour lire l&rsquo;article depuis sa source.<\/a><\/p>\n","protected":false},"excerpt":{"rendered":"<p>Publi\u00e9 le 04.05.2021 \u00e0 17h18 par APA News Les fonds fournis par l\u2019Agence cor\u00e9enne de Coop\u00e9ration internationale (KOICA) vont permettre de financer trois programmes dont celui de la 2\u00e8me phase du Projet de d\u00e9veloppement de la cha\u00eene de valeur du riz dans la vall\u00e9e du fleuve S\u00e9n\u00e9gal.Quelques jours apr\u00e8s avoir obtenu du Fonds mon\u00e9taire international [&hellip;]<\/p>\n","protected":false},"author":1965,"featured_media":0,"comment_status":"closed","ping_status":"closed","sticky":false,"template":"","format":"standard","meta":{"fifu_image_url":"","fifu_image_alt":"","footnotes":""},"categories":[73,82],"tags":[],"class_list":["post-116179","post","type-post","status-publish","format-standard","hentry","category-actualite","category-cameroun"],"_links":{"self":[{"href":"https:\/\/linitiative.ca\/International\/wp-json\/wp\/v2\/posts\/116179","targetHints":{"allow":["GET"]}}],"collection":[{"href":"https:\/\/linitiative.ca\/International\/wp-json\/wp\/v2\/posts"}],"about":[{"href":"https:\/\/linitiative.ca\/International\/wp-json\/wp\/v2\/types\/post"}],"author":[{"embeddable":true,"href":"https:\/\/linitiative.ca\/International\/wp-json\/wp\/v2\/users\/1965"}],"replies":[{"embeddable":true,"href":"https:\/\/linitiative.ca\/International\/wp-json\/wp\/v2\/comments?post=116179"}],"version-history":[{"count":0,"href":"https:\/\/linitiative.ca\/International\/wp-json\/wp\/v2\/posts\/116179\/revisions"}],"wp:attachment":[{"href":"https:\/\/linitiative.ca\/International\/wp-json\/wp\/v2\/media?parent=116179"}],"wp:term":[{"taxonomy":"category","embeddable":true,"href":"https:\/\/linitiative.ca\/International\/wp-json\/wp\/v2\/categories?post=116179"},{"taxonomy":"post_tag","embeddable":true,"href":"https:\/\/linitiative.ca\/International\/wp-json\/wp\/v2\/tags?post=116179"}],"curies":[{"name":"wp","href":"https:\/\/api.w.org\/{rel}","templated":true}]}}