{"id":116180,"date":"2021-05-04T12:32:00","date_gmt":"2021-05-04T16:32:00","guid":{"rendered":"https:\/\/linitiative.ca\/International\/cameroun-necrologie-simon-achidi-achu-est-decede\/"},"modified":"2021-05-04T12:32:00","modified_gmt":"2021-05-04T16:32:00","slug":"cameroun-necrologie-simon-achidi-achu-est-decede","status":"publish","type":"post","link":"https:\/\/linitiative.ca\/International\/cameroun-necrologie-simon-achidi-achu-est-decede\/","title":{"rendered":"Cameroun \u2013 N\u00e9crologie : Simon Achidi Achu est d\u00e9c\u00e9d\u00e9"},"content":{"rendered":"<div readability=\"32\">\n<p>Publi\u00e9 le 04.05.2021 \u00e0 17h32 par Emile Zola Nd\u00e9 Tchoussi<\/p>\n<\/div>\n<div readability=\"83\">\n<p class=\"c9\"><strong>L\u2019ancien Premier Ministre du Cameroun<\/strong><strong>\u00a0<\/strong><strong>(<\/strong><strong>9 avril 1992 \u2013 19 septembre 1996) est mort de suite de maladie aux Etats-Unis, \u00e0 l\u2019\u00e2ge de 86 ans. Avant la Primature, l\u2019ancien s\u00e9nateur a \u00e9t\u00e9 ministre de l\u2019inspection g\u00e9n\u00e9rale de l\u2019Etat et de la Justice.\u00a0\u00a0<\/strong><\/p>\n<p class=\"c10\">On le savait affaibli par la maladie, mais l\u2019on ne pouvait imaginer le pire. De source familiale,\u00a0<strong>Simon Achidi Achu<\/strong>\u00a0\u00a0est mort de suite de longue maladie. Il\u00a0a disparu ce jour comme il a v\u00e9cu, sans trop faire de bruit. On retiendra n\u00e9anmoins de cet homme politique, une phrase qui est rest\u00e9e c\u00e9l\u00e8bre\u00a0: \u00ab\u00a0<em>politics na njangi\u00a0<\/em>\u00bb, qui signifie\u00a0\u00a0\u00ab<em>\u00a0la politique est une tontine\u00a0<\/em>\u00bb.<strong>\u00a0<\/strong>Sur le strict plan politique, la derni\u00e8re tontine qu\u2019il a \u00ab\u00a0bouff\u00e9\u00a0\u00bb, c\u2019\u00e9tait le poste de Pr\u00e9sident du Conseil d\u2019administration de la Soci\u00e9t\u00e9 nationale d\u2019investissement (SNI), jusqu\u2019au 17 novembre 2020. Un poste que ce membre du bureau politique du <strong>RDPC<\/strong> a occup\u00e9 pendant 32 ans.<\/p>\n<p class=\"c10\">N\u00e9 le 5 novembre 1934 \u00e0 Bamenda, dans le d\u00e9partement de la Mezam. Il occupe le poste de comptable au tout d\u00e9but de sa carri\u00e8re professionnelle dans la commune de Bamenda-Widikum, par la suite, il devient adjoint stagiaire dans l\u2019une des plantations de la Cameroon Development Corporation. Apr\u00e8s les \u00e9tudes primaires et secondaires dans son d\u00e9partement, il s\u2019inscrit \u00e0 l\u2019universit\u00e9 de Yaound\u00e9 1, puis \u00e0 l\u2019Ecole nationale de l\u2019administration et de la magistrature (Enam).<\/p>\n<p class=\"c10\">Parfait bilingue (fran\u00e7ais et anglais), il commence sa carri\u00e8re politique comme traducteur-interpr\u00e8te \u00e0 la pr\u00e9sidence de la R\u00e9publique du Cameroun. Le 24 juillet 1968, il est nomm\u00e9 inspecteur d\u2019\u00c9tat et en avril 1971, il est nomm\u00e9 secr\u00e9taire g\u00e9n\u00e9ral au minist\u00e8re de la fonction publique.\u00a0\u00a0Par la suite, le 29 octobre 1971, il est nomm\u00e9 ministre d\u00e9l\u00e9gu\u00e9 \u00e0 l\u2019inspection de l\u2019Etat. Il assume le poste de ministre de la justice durant la p\u00e9riode allant du 3 juillet 1972 au 30 juin 1975, il exerce la fonction de ministre de la justice.<\/p>\n<p class=\"c10\">En 1992, au vu de la mont\u00e9e en puissance de l\u2019opposant <strong>John Fru Ndi<\/strong>, qui est originaire de la r\u00e9gion de Santa\u00a0\u00a0comme lui, il est nomm\u00e9 par <strong>Paul Biya<\/strong>, Premier Ministre, le 9 avril. Le\u00a0tout premier anglophone \u00e0 occuper dans l\u2019histoire du Cameroun unifi\u00e9. Il y restera jusqu\u2019au 19 septembre 1996.\u00a0 De son passage \u00e0 la Primature, l\u2019on retiendra qu\u2019il fut m\u00eal\u00e9 \u00e0 une scabreuse affaire de \u00ab\u00a0<em>Coup de c\u0153ur\u00a0<\/em>\u00bb \u00e0 la veille du mondial USA 1994. Lors de cette op\u00e9ration qui visait \u00e0 encourager financi\u00e8rement les Lions indomptables, il avait re\u00e7u des mains du sulfureux\u00a0\u00a0<strong>Donatien\u00a0\u00a0Koagne<\/strong> (de regrett\u00e9 m\u00e9moire), la rondelette somme de 10\u00a0000\u00a0000\u00a0000 Fcfa.<\/p>\n<\/div>\n<p>Auteur: Christian DJIMADEU<br \/>\n<a href=\"https:\/\/www.journalducameroun.com\/cameroun-necrologie-simon-achidi-achu-est-decede-cameroun\/\">Cliquez ici pour lire l&rsquo;article depuis sa source.<\/a><\/p>\n","protected":false},"excerpt":{"rendered":"<p>Publi\u00e9 le 04.05.2021 \u00e0 17h32 par Emile Zola Nd\u00e9 Tchoussi L\u2019ancien Premier Ministre du Cameroun\u00a0(9 avril 1992 \u2013 19 septembre 1996) est mort de suite de maladie aux Etats-Unis, \u00e0 l\u2019\u00e2ge de 86 ans. Avant la Primature, l\u2019ancien s\u00e9nateur a \u00e9t\u00e9 ministre de l\u2019inspection g\u00e9n\u00e9rale de l\u2019Etat et de la Justice.\u00a0\u00a0 On le savait affaibli [&hellip;]<\/p>\n","protected":false},"author":1965,"featured_media":0,"comment_status":"closed","ping_status":"closed","sticky":false,"template":"","format":"standard","meta":{"fifu_image_url":"","fifu_image_alt":"","footnotes":""},"categories":[73,82],"tags":[],"class_list":["post-116180","post","type-post","status-publish","format-standard","hentry","category-actualite","category-cameroun"],"_links":{"self":[{"href":"https:\/\/linitiative.ca\/International\/wp-json\/wp\/v2\/posts\/116180","targetHints":{"allow":["GET"]}}],"collection":[{"href":"https:\/\/linitiative.ca\/International\/wp-json\/wp\/v2\/posts"}],"about":[{"href":"https:\/\/linitiative.ca\/International\/wp-json\/wp\/v2\/types\/post"}],"author":[{"embeddable":true,"href":"https:\/\/linitiative.ca\/International\/wp-json\/wp\/v2\/users\/1965"}],"replies":[{"embeddable":true,"href":"https:\/\/linitiative.ca\/International\/wp-json\/wp\/v2\/comments?post=116180"}],"version-history":[{"count":0,"href":"https:\/\/linitiative.ca\/International\/wp-json\/wp\/v2\/posts\/116180\/revisions"}],"wp:attachment":[{"href":"https:\/\/linitiative.ca\/International\/wp-json\/wp\/v2\/media?parent=116180"}],"wp:term":[{"taxonomy":"category","embeddable":true,"href":"https:\/\/linitiative.ca\/International\/wp-json\/wp\/v2\/categories?post=116180"},{"taxonomy":"post_tag","embeddable":true,"href":"https:\/\/linitiative.ca\/International\/wp-json\/wp\/v2\/tags?post=116180"}],"curies":[{"name":"wp","href":"https:\/\/api.w.org\/{rel}","templated":true}]}}