{"id":116182,"date":"2021-05-04T15:18:02","date_gmt":"2021-05-04T19:18:02","guid":{"rendered":"https:\/\/linitiative.ca\/International\/des-dirigeants-dentreprises-formes-a-abidjan-sur-le-management-de-la-qualite\/"},"modified":"2021-05-04T15:18:02","modified_gmt":"2021-05-04T19:18:02","slug":"des-dirigeants-dentreprises-formes-a-abidjan-sur-le-management-de-la-qualite","status":"publish","type":"post","link":"https:\/\/linitiative.ca\/International\/des-dirigeants-dentreprises-formes-a-abidjan-sur-le-management-de-la-qualite\/","title":{"rendered":"Des dirigeants d\u2019entreprises form\u00e9s \u00e0 Abidjan sur le management de la qualit\u00e9"},"content":{"rendered":"<div readability=\"32\">\n<p>Publi\u00e9 le 04.05.2021 \u00e0 20h18 par APA News<\/p>\n<\/div>\n<div readability=\"75\">\n<p>L\u2019Agence pour le d\u00e9veloppement de la comp\u00e9titivit\u00e9 des industries de C\u00f4te d\u2019Ivoire (ADCI) de concert avec le gouvernement ivoirien, a ouvert mardi \u00e0 Abidjan, une session de renforcement des capacit\u00e9s de 15 dirigeants d\u2019entreprises en C\u00f4te d\u2019Ivoire en management de la qualit\u00e9.Cette session de formation qui est anim\u00e9e par le cabinet \u00a0\u00ab Genetrix Consulting\u00bb \u00a0s\u2019inscrit dans le cadre du Projet d\u2019appui au renforcement de la comp\u00e9titivit\u00e9 du secteur industriel (PARCSI). Ce projet vise notamment plusieurs objectifs dont \u00a0le soutien \u00e0 la restructuration et \u00e0 la mise \u00e0 niveau des entreprises.<\/p>\n<p>Ainsi l\u2019objectif global de cette session est de d\u00e9velopper les comp\u00e9tences des dirigeants et cadres des entreprises adh\u00e9rentes au Programme national de restructuration et de mise \u00e0 niveau (PNRMN) en Lean Six Sigma \u00a0(management de la qualit\u00e9) pour les amener \u00e0 comprendre les enjeux de l\u2019am\u00e9lioration continue des performances et de transformer leurs op\u00e9rations en int\u00e9grant l\u2019excellence op\u00e9rationnelle comme un instrument de rentabilit\u00e9 et un avantage concurrentiel.\u00a0<\/p>\n<p>\u00ab La C\u00f4te d\u2019Ivoire devient un march\u00e9 pour la sous-r\u00e9gion, pour l\u2019Afrique et m\u00eame pour l\u2019international. De ce fait, \u00a0le gouvernement s\u2019est dit qu\u2019il faut renforcer la comp\u00e9titivit\u00e9 des entreprises ivoiriennes qui vont certes avoir des opportunit\u00e9s, mais aussi vont faire face \u00e0 des menaces\u00bb, a expliqu\u00e9 Camille Niamkey, la directrice des op\u00e9rations de l\u2019ADCI dans un discours d\u2019ouverture de ces assises.<\/p>\n<p>\u00a0Selon elle, il est important d\u2019aider ces entreprises \u00e0 am\u00e9liorer leurs activit\u00e9s. \u00a0\u00ab Nous sommes l\u00e0 pour partager les exp\u00e9riences et les connaissances et aussi les meilleures pratiques en mati\u00e8re de transformation de nos organisations \u00bb a \u00a0rench\u00e9ri \u00e0 son tour, Jean Jacques Bissouma, charg\u00e9 d\u2019animer cette session.<\/p>\n<p>Plusieurs modules seront d\u00e9ploy\u00e9s au cours de cette formation. Le premier est l\u2019enjeu de l\u2019am\u00e9lioration continue des entreprises et le deuxi\u00e8me porte sur la m\u00e9thodologie pour d\u00e9finir les probl\u00e9matiques.<\/p>\n<p>\u00ab Ensuite nous allons mesurer nos succ\u00e8s et \u00a0pouvoir comprendre comment analyser ce qui cause les probl\u00e8mes des entreprises. Enfin, nous verrons comment identifier des solutions durables afin de pouvoir \u00e9liminer nos probl\u00e8mes et de mettre en place un plan de contr\u00f4le \u00bb, a-t-il explique.<\/p>\n<p>L\u2019ADCI est charg\u00e9e d\u2019accompagner les entreprises adh\u00e9rentes au PNRMN dans leurs d\u00e9marches de restructuration et\/ou de mise \u00e0 niveau par la mobilisation d\u2019experts et de consultants. Le PNRMN est destin\u00e9 \u00e0 pr\u00e9parer les entreprises manufacturi\u00e8res ivoiriennes \u00e0 faire face \u00e0 une concurrence accrue dans le cadre des accords multilat\u00e9raux de libre-\u00e9change.<\/p>\n<\/div>\n<p>Auteur: APA News<br \/>\n<a href=\"https:\/\/www.journalducameroun.com\/des-dirigeants-dentreprises-formes-a-abidjan-sur-le-management-de-la-qualite\/\">Cliquez ici pour lire l&rsquo;article depuis sa source.<\/a><\/p>\n","protected":false},"excerpt":{"rendered":"<p>Publi\u00e9 le 04.05.2021 \u00e0 20h18 par APA News L\u2019Agence pour le d\u00e9veloppement de la comp\u00e9titivit\u00e9 des industries de C\u00f4te d\u2019Ivoire (ADCI) de concert avec le gouvernement ivoirien, a ouvert mardi \u00e0 Abidjan, une session de renforcement des capacit\u00e9s de 15 dirigeants d\u2019entreprises en C\u00f4te d\u2019Ivoire en management de la qualit\u00e9.Cette session de formation qui est [&hellip;]<\/p>\n","protected":false},"author":1965,"featured_media":0,"comment_status":"closed","ping_status":"closed","sticky":false,"template":"","format":"standard","meta":{"fifu_image_url":"","fifu_image_alt":"","footnotes":""},"categories":[73,82],"tags":[],"class_list":["post-116182","post","type-post","status-publish","format-standard","hentry","category-actualite","category-cameroun"],"_links":{"self":[{"href":"https:\/\/linitiative.ca\/International\/wp-json\/wp\/v2\/posts\/116182","targetHints":{"allow":["GET"]}}],"collection":[{"href":"https:\/\/linitiative.ca\/International\/wp-json\/wp\/v2\/posts"}],"about":[{"href":"https:\/\/linitiative.ca\/International\/wp-json\/wp\/v2\/types\/post"}],"author":[{"embeddable":true,"href":"https:\/\/linitiative.ca\/International\/wp-json\/wp\/v2\/users\/1965"}],"replies":[{"embeddable":true,"href":"https:\/\/linitiative.ca\/International\/wp-json\/wp\/v2\/comments?post=116182"}],"version-history":[{"count":0,"href":"https:\/\/linitiative.ca\/International\/wp-json\/wp\/v2\/posts\/116182\/revisions"}],"wp:attachment":[{"href":"https:\/\/linitiative.ca\/International\/wp-json\/wp\/v2\/media?parent=116182"}],"wp:term":[{"taxonomy":"category","embeddable":true,"href":"https:\/\/linitiative.ca\/International\/wp-json\/wp\/v2\/categories?post=116182"},{"taxonomy":"post_tag","embeddable":true,"href":"https:\/\/linitiative.ca\/International\/wp-json\/wp\/v2\/tags?post=116182"}],"curies":[{"name":"wp","href":"https:\/\/api.w.org\/{rel}","templated":true}]}}