{"id":116183,"date":"2021-05-04T17:18:01","date_gmt":"2021-05-04T21:18:01","guid":{"rendered":"https:\/\/linitiative.ca\/International\/presidence-de-la-fif-on-ne-prend-pas-parti-pour-lun-ou-lautre-des-candidats-infantino\/"},"modified":"2021-05-04T17:18:01","modified_gmt":"2021-05-04T21:18:01","slug":"presidence-de-la-fif-on-ne-prend-pas-parti-pour-lun-ou-lautre-des-candidats-infantino","status":"publish","type":"post","link":"https:\/\/linitiative.ca\/International\/presidence-de-la-fif-on-ne-prend-pas-parti-pour-lun-ou-lautre-des-candidats-infantino\/","title":{"rendered":"Pr\u00e9sidence de la FIF:  \u00abOn ne prend pas parti pour l\u2019un ou l\u2019autre des candidats\u00bb ( Infantino)"},"content":{"rendered":"<div readability=\"32\">\n<p>Publi\u00e9 le 04.05.2021 \u00e0 22h18 par APA News<\/p>\n<\/div>\n<div readability=\"64\">\n<p>Le pr\u00e9sident de la F\u00e9d\u00e9ration internationale de football association (FIFA), Gianni Infantino a soutenu mardi \u00e0 Abidjan que son institution ne prend pas parti pour l\u2019un ou autre des candidats d\u00e9clar\u00e9s \u00e0 la pr\u00e9sidence de la F\u00e9d\u00e9ration ivoirienne de football ( FIF).<\/p>\n<p>\u00ab C\u2019est un message d\u2019unit\u00e9 et d\u2019espoir qu\u2019on vient donner. On ne prend pas parti pour l\u2019un ou l\u2019autre ou pour le troisi\u00e8me candidat. On prend parti pour le football \u00bb, a assur\u00e9 M. Infantino.<\/p>\n<p>Il s\u2019exprimait au palais pr\u00e9sidentiel d\u2019Abidjan \u00e0 l\u2019issue d\u2019une rencontre avec le pr\u00e9sident ivoirien Alassane Ouattara.<\/p>\n<p>Le pr\u00e9sident de la FIFA Gianni Infantino et le pr\u00e9sident de la Conf\u00e9d\u00e9ration africaine de football (CAF) Patrice Motsepe s\u00e9journent depuis lundi en C\u00f4te d\u2019Ivoire. \u00a0<\/p>\n<p>Cette visite intervient dans un contexte de crise \u00e0 la F\u00e9d\u00e9ration ivoirienne de football (FIF) o\u00f9 un Comit\u00e9 de normalisation a \u00e9t\u00e9 install\u00e9 pour son administration provisoire.\u00a0<\/p>\n<p>Trois candidats \u00e9taient en lice pour la pr\u00e9sidence de la FIF au moment o\u00f9 la crise est survenue. Il s\u2019agit de Sory Diabat\u00e9, Idriss Diallo et Didier Drogba.\u00a0<\/p>\n<p>\u00ab On travaillera ensemble avec le Comit\u00e9 de normalisation qui fait un travail exceptionnel \u00a0\u00bb, a promis M. Infantino, estimant que la C\u00f4te d\u2019Ivoire est un \u00a0\u00ab pays b\u00e9ni \u00bb.<\/p>\n<p>Poursuivant, il a annonc\u00e9 le lancement \u00e0 Abidjan, d\u2019un tournoi interscolaire panafricain qui est une sorte de championnat d\u2019Afrique de football des \u00e9l\u00e8ves africains. Ce projet \u00a0innovant est port\u00e9 par la CAF.<\/p>\n<\/div>\n<p>Auteur: APA News<br \/>\n<a href=\"https:\/\/www.journalducameroun.com\/presidence-de-la-fif-on-ne-prend-pas-parti-pour-lun-ou-lautre-des-candidats-infantino\/\">Cliquez ici pour lire l&rsquo;article depuis sa source.<\/a><\/p>\n","protected":false},"excerpt":{"rendered":"<p>Publi\u00e9 le 04.05.2021 \u00e0 22h18 par APA News Le pr\u00e9sident de la F\u00e9d\u00e9ration internationale de football association (FIFA), Gianni Infantino a soutenu mardi \u00e0 Abidjan que son institution ne prend pas parti pour l\u2019un ou autre des candidats d\u00e9clar\u00e9s \u00e0 la pr\u00e9sidence de la F\u00e9d\u00e9ration ivoirienne de football ( FIF). \u00ab C\u2019est un message d\u2019unit\u00e9 [&hellip;]<\/p>\n","protected":false},"author":1965,"featured_media":0,"comment_status":"closed","ping_status":"closed","sticky":false,"template":"","format":"standard","meta":{"fifu_image_url":"","fifu_image_alt":"","footnotes":""},"categories":[73,82],"tags":[],"class_list":["post-116183","post","type-post","status-publish","format-standard","hentry","category-actualite","category-cameroun"],"_links":{"self":[{"href":"https:\/\/linitiative.ca\/International\/wp-json\/wp\/v2\/posts\/116183","targetHints":{"allow":["GET"]}}],"collection":[{"href":"https:\/\/linitiative.ca\/International\/wp-json\/wp\/v2\/posts"}],"about":[{"href":"https:\/\/linitiative.ca\/International\/wp-json\/wp\/v2\/types\/post"}],"author":[{"embeddable":true,"href":"https:\/\/linitiative.ca\/International\/wp-json\/wp\/v2\/users\/1965"}],"replies":[{"embeddable":true,"href":"https:\/\/linitiative.ca\/International\/wp-json\/wp\/v2\/comments?post=116183"}],"version-history":[{"count":0,"href":"https:\/\/linitiative.ca\/International\/wp-json\/wp\/v2\/posts\/116183\/revisions"}],"wp:attachment":[{"href":"https:\/\/linitiative.ca\/International\/wp-json\/wp\/v2\/media?parent=116183"}],"wp:term":[{"taxonomy":"category","embeddable":true,"href":"https:\/\/linitiative.ca\/International\/wp-json\/wp\/v2\/categories?post=116183"},{"taxonomy":"post_tag","embeddable":true,"href":"https:\/\/linitiative.ca\/International\/wp-json\/wp\/v2\/tags?post=116183"}],"curies":[{"name":"wp","href":"https:\/\/api.w.org\/{rel}","templated":true}]}}