{"id":116185,"date":"2021-05-04T12:49:10","date_gmt":"2021-05-04T16:49:10","guid":{"rendered":"https:\/\/linitiative.ca\/International\/ecomatin-celebre-la-journee-mondiale-de-la-liberte-de-la-presse\/"},"modified":"2021-05-04T12:49:10","modified_gmt":"2021-05-04T16:49:10","slug":"ecomatin-celebre-la-journee-mondiale-de-la-liberte-de-la-presse","status":"publish","type":"post","link":"https:\/\/linitiative.ca\/International\/ecomatin-celebre-la-journee-mondiale-de-la-liberte-de-la-presse\/","title":{"rendered":"EcoMatin c\u00e9l\u00e8bre la journ\u00e9e mondiale de la libert\u00e9 de la presse"},"content":{"rendered":"<p>Le 3 mai de chaque ann\u00e9e se c\u00e9l\u00e8bre de part et d\u2019autre dans le monde, la journ\u00e9e mondiale de la libert\u00e9 de la presse. Comme \u00e0 l\u2019accoutum\u00e9e, c\u2019est un moment au sein des r\u00e9dactions m\u00e9diatiques, de poser une r\u00e9flexion sur la situation de la presse en g\u00e9n\u00e9rale, et celle du Cameroun en particulier. La r\u00e9daction de EcoMatin n\u2019a pas d\u00e9rog\u00e9 \u00e0 la r\u00e8gle pour cette \u00e9dition de l\u2019ann\u00e9e 2021, plac\u00e9e sous le th\u00e8me \u00ab l\u2019information comme bien public \u00bb.<\/p>\n<p><strong>Lire aussi<\/strong> : <strong><a href=\"https:\/\/ecomatin.net\/le-personnel-decomatin-celebre-le-8-mars\/\">Le personnel d\u2019EcoMatin c\u00e9l\u00e8bre le 8 mars<\/a><\/strong><\/p>\n<p>A l\u2019\u00e9chelle national plusieurs activit\u00e9s ont \u00e9t\u00e9 organis\u00e9es, notamment une d\u00e9claration du ministre de la Communication Rene Emmanuel Sadi, sur la situation qui pr\u00e9vaut dans notre pays\u00a0; une table-ronde sous le th\u00e8me \u00ab\u00a0journalistes et politiques\u00a0: quel commerce pour quels enjeux aujourd\u2019hui au Cameroun\u00a0?\u00a0\u00bb, a \u00e9t\u00e9 organis\u00e9e \u00e0 l\u2019Ecole sup\u00e9rieure des sciences et techniques de l\u2019information et de la communication (Esstic).<\/p>\n<p>Au sein de la r\u00e9daction d\u2019EcoMatin, le top management s\u2019est alors saisi de cette journ\u00e9e d\u2019une part pour mettre sur la table les probl\u00e8mes qui minent le paysage m\u00e9diatique Camerounais, notamment en ce qui concerne la viabilit\u00e9 \u00e9conomique des entreprises de presse qui subissent la m\u00eame conjoncture que les autres agents \u00e9conomiques. Et d\u2019autre part pour partager un moment conviviale avec les employ\u00e9s.<\/p>\n<p><strong>Lire aussi<\/strong> : <strong><a href=\"https:\/\/ecomatin.net\/le-siege-de-ecomatin-reprend-des-couleurs\/\">Le si\u00e8ge de EcoMatin reprend des couleurs<\/a><\/strong><\/p>\n<p>Auteur: Amina MALLOUM<br \/>\n<a href=\"https:\/\/ecomatin.net\/ecomatin-celebre-la-journee-mondiale-de-la-liberte-de-la-presse\/\">Cliquez ici pour lire l&rsquo;article depuis sa source.<\/a><\/p>\n","protected":false},"excerpt":{"rendered":"<p>Le 3 mai de chaque ann\u00e9e se c\u00e9l\u00e8bre de part et d\u2019autre dans le monde, la journ\u00e9e mondiale de la libert\u00e9 de la presse. Comme \u00e0 l\u2019accoutum\u00e9e, c\u2019est un moment au sein des r\u00e9dactions m\u00e9diatiques, de poser une r\u00e9flexion sur la situation de la presse en g\u00e9n\u00e9rale, et celle du Cameroun en particulier. La r\u00e9daction [&hellip;]<\/p>\n","protected":false},"author":1969,"featured_media":0,"comment_status":"closed","ping_status":"closed","sticky":false,"template":"","format":"standard","meta":{"fifu_image_url":"","fifu_image_alt":"","footnotes":""},"categories":[82,78],"tags":[],"class_list":["post-116185","post","type-post","status-publish","format-standard","hentry","category-cameroun","category-economie"],"_links":{"self":[{"href":"https:\/\/linitiative.ca\/International\/wp-json\/wp\/v2\/posts\/116185","targetHints":{"allow":["GET"]}}],"collection":[{"href":"https:\/\/linitiative.ca\/International\/wp-json\/wp\/v2\/posts"}],"about":[{"href":"https:\/\/linitiative.ca\/International\/wp-json\/wp\/v2\/types\/post"}],"author":[{"embeddable":true,"href":"https:\/\/linitiative.ca\/International\/wp-json\/wp\/v2\/users\/1969"}],"replies":[{"embeddable":true,"href":"https:\/\/linitiative.ca\/International\/wp-json\/wp\/v2\/comments?post=116185"}],"version-history":[{"count":0,"href":"https:\/\/linitiative.ca\/International\/wp-json\/wp\/v2\/posts\/116185\/revisions"}],"wp:attachment":[{"href":"https:\/\/linitiative.ca\/International\/wp-json\/wp\/v2\/media?parent=116185"}],"wp:term":[{"taxonomy":"category","embeddable":true,"href":"https:\/\/linitiative.ca\/International\/wp-json\/wp\/v2\/categories?post=116185"},{"taxonomy":"post_tag","embeddable":true,"href":"https:\/\/linitiative.ca\/International\/wp-json\/wp\/v2\/tags?post=116185"}],"curies":[{"name":"wp","href":"https:\/\/api.w.org\/{rel}","templated":true}]}}