{"id":116187,"date":"2021-05-04T13:39:01","date_gmt":"2021-05-04T17:39:01","guid":{"rendered":"https:\/\/linitiative.ca\/International\/lancien-premier-ministre-de-la-republique-du-cameroun-simon-achidi-achu-nest-plus\/"},"modified":"2021-05-04T13:39:01","modified_gmt":"2021-05-04T17:39:01","slug":"lancien-premier-ministre-de-la-republique-du-cameroun-simon-achidi-achu-nest-plus","status":"publish","type":"post","link":"https:\/\/linitiative.ca\/International\/lancien-premier-ministre-de-la-republique-du-cameroun-simon-achidi-achu-nest-plus\/","title":{"rendered":"L\u2019ancien Premier ministre de la r\u00e9publique du Cameroun Simon Achidi Achu, n\u2019est plus"},"content":{"rendered":"<div class=\"featured-area featured-area-inner\">\n<figure class=\"single-featured-image\">\n<p><img loading=\"lazy\" decoding=\"async\" width=\"780\" height=\"470\" src=\"https:\/\/ecomatin.net\/wp-content\/uploads\/2021\/05\/Simon-Achidi-Achu-780x470.jpg\" class=\"attachment-jannah-image-post size-jannah-image-post wp-post-image\" alt=\"\" is_main_img=\"1\"\/><\/p>\n<\/figure>\n<\/div>\n<div class=\"entry-content entry clearfix\" readability=\"53\">\n<p>La nouvelle est devenue virale \u00a0depuis peu, sur les r\u00e9seaux sociaux. Simon Achidi Achu ancien premier ministre de la r\u00e9publique du Cameroun n\u2019est plus. Il est d\u00e9c\u00e9d\u00e9 ce 4 mai 2021 aux Etats Unies d\u2019Am\u00e9rique.<\/p>\n<p>N\u00e9 le\u00a05\u00a0novembre\u00a01934\u00a0\u00e0\u00a0Bamenda, dans le d\u00e9partement de la\u00a0Mezam r\u00e9gion du Nord-Ouest, il aura servi son pays en occupant plusieurs psotes de responsabilit\u00e9s. Notamment celle de Premier ministre de la r\u00e9publique du Cameroun du 9 avril 1992\u00a0 au 19 septembre \u00a01996. En 2013, il sera s\u00e9nateur pour le compte du Rassemblement d\u00e9mocratique du peuple camerounais (RDPC) pour la r\u00e9gion du Nord-Ouest.<\/p>\n<p>C\u00e9l\u00e8bre pour son pour slogan \u00e9lectoral \u00ab\u00a0politic na njangui\u00a0\u00bb, qui signifie \u00ab\u00a0la politique est une tontine\u00a0\u00bb, Simon Achidi Achu, va d\u00e9buter sa carri\u00e8re professionnelle dans la commune de Bamenda-Widikum, en tant qu\u2019adjoint stagiaire dans l\u2019une des plantations de la\u00a0Cameroon Development Corporation (CDC). Entreprise au sein de laquelle, il a su gravir les \u00e9chelons et se distinguer.<\/p>\n<\/div>\n<p>Auteur: Amina MALLOUM<br \/>\n<a href=\"https:\/\/ecomatin.net\/lancien-premier-ministre-de-la-republique-du-cameroun-simon-achidi-achu-nest-plus\/\">Cliquez ici pour lire l&rsquo;article depuis sa source.<\/a><\/p>\n","protected":false},"excerpt":{"rendered":"<p>La nouvelle est devenue virale \u00a0depuis peu, sur les r\u00e9seaux sociaux. Simon Achidi Achu ancien premier ministre de la r\u00e9publique du Cameroun n\u2019est plus. Il est d\u00e9c\u00e9d\u00e9 ce 4 mai 2021 aux Etats Unies d\u2019Am\u00e9rique. N\u00e9 le\u00a05\u00a0novembre\u00a01934\u00a0\u00e0\u00a0Bamenda, dans le d\u00e9partement de la\u00a0Mezam r\u00e9gion du Nord-Ouest, il aura servi son pays en occupant plusieurs psotes de [&hellip;]<\/p>\n","protected":false},"author":1969,"featured_media":0,"comment_status":"closed","ping_status":"closed","sticky":false,"template":"","format":"standard","meta":{"fifu_image_url":"https:\/\/ecomatin.net\/wp-content\/uploads\/2021\/05\/Simon-Achidi-Achu-780x470.jpg","fifu_image_alt":"L\u2019ancien Premier ministre de la r\u00e9publique du Cameroun Simon Achidi Achu, n\u2019est plus","footnotes":""},"categories":[82,78],"tags":[],"class_list":["post-116187","post","type-post","status-publish","format-standard","hentry","category-cameroun","category-economie"],"_links":{"self":[{"href":"https:\/\/linitiative.ca\/International\/wp-json\/wp\/v2\/posts\/116187","targetHints":{"allow":["GET"]}}],"collection":[{"href":"https:\/\/linitiative.ca\/International\/wp-json\/wp\/v2\/posts"}],"about":[{"href":"https:\/\/linitiative.ca\/International\/wp-json\/wp\/v2\/types\/post"}],"author":[{"embeddable":true,"href":"https:\/\/linitiative.ca\/International\/wp-json\/wp\/v2\/users\/1969"}],"replies":[{"embeddable":true,"href":"https:\/\/linitiative.ca\/International\/wp-json\/wp\/v2\/comments?post=116187"}],"version-history":[{"count":0,"href":"https:\/\/linitiative.ca\/International\/wp-json\/wp\/v2\/posts\/116187\/revisions"}],"wp:attachment":[{"href":"https:\/\/linitiative.ca\/International\/wp-json\/wp\/v2\/media?parent=116187"}],"wp:term":[{"taxonomy":"category","embeddable":true,"href":"https:\/\/linitiative.ca\/International\/wp-json\/wp\/v2\/categories?post=116187"},{"taxonomy":"post_tag","embeddable":true,"href":"https:\/\/linitiative.ca\/International\/wp-json\/wp\/v2\/tags?post=116187"}],"curies":[{"name":"wp","href":"https:\/\/api.w.org\/{rel}","templated":true}]}}