{"id":116192,"date":"2021-05-05T11:00:06","date_gmt":"2021-05-05T15:00:06","guid":{"rendered":"https:\/\/linitiative.ca\/International\/ford-accelere-la-rd-sur-les-batteries\/"},"modified":"2021-05-05T11:00:06","modified_gmt":"2021-05-05T15:00:06","slug":"ford-accelere-la-rd-sur-les-batteries","status":"publish","type":"post","link":"https:\/\/linitiative.ca\/International\/ford-accelere-la-rd-sur-les-batteries\/","title":{"rendered":"Ford acc\u00e9l\u00e8re la R&amp;D sur les batteries"},"content":{"rendered":"<header>\n<\/header>\n<div class=\"entry-content clearfix\" readability=\"52\">\n<figure class=\"post-thumbnail\" itemprop=\"associatedMedia\" itemscope=\"itemscope\" itemtype=\"http:\/\/schema.org\/ImageObject\"><img decoding=\"async\" class=\"post_layout_5_img\" src=\"http:\/\/aujourdhui.ma\/wp-content\/uploads\/2021\/05\/Ford-accelere-la-RD-sur-les-batteries-ds.jpg\" alt=\"Ford acc\u00e9l\u00e8re la R&amp;D sur les batteries\"\/><\/figure>\n<p><span class=\"c7\"><strong>Une \u00e9quipe d\u00e9di\u00e9e et un nouveau centre d\u2019excellence mondial baptis\u00e9 Ford Ion Park<\/strong><\/span><span id=\"more-375692\"\/><\/p>\n<p>Ford fait part de la cr\u00e9ation d\u2019un nouveau centre d\u2019excellence mondial pour les batteries, appel\u00e9 Ford Ion Park, dans le sud-est du Michigan. Ainsi, le constructeur automobile am\u00e9ricain s\u2019appuie sur pr\u00e8s de deux d\u00e9cennies d\u2019expertise en mati\u00e8re de batteries. \u00abUne \u00e9quipe multifonctionnelle est charg\u00e9e d\u2019assurer la production de batteries en grand volume, pour une meilleure autonomie et des co\u00fbts r\u00e9duits pour les utilisateurs\u00bb, selon un communiqu\u00e9 du constructeur automobile. Ford Ion Park utilisera, poursuit la m\u00eame source, des \u00e9quipements de pointe pour piloter de nouvelles techniques de fabrication qui permettront \u00e0 Ford de concevoir des batteries r\u00e9volutionnaires avec de nouveaux mat\u00e9riaux, une fois que l\u2019entreprise aura int\u00e9gr\u00e9 verticalement les composants et les batteries elles-m\u00eames. \u00abUn laboratoire d\u2019apprentissage collaboratif, dont l\u2019investissement repr\u00e9sente 185 millions de dollars (environ 153 millions d\u2019euros), qui sera inaugur\u00e9 l\u2019ann\u00e9e prochaine, d\u00e9veloppera et fabriquera des \u00e9l\u00e9ments et des groupes de batteries de v\u00e9hicules \u00e0 lithium ions, testera de nouvelles approches de conception, tandis que l\u2019\u00e9quipe optimisera tous les aspects de la cha\u00eene de valeur, des mines au recyclage\u00bb, conclut-on.<\/p>\n<p><a href=\"https:http:\/\/aujourdhui.ma\/wp-content\/uploads\/2021\/05\/Ford-accelere-la-RD-sur-les-batteries.jpg\"><img decoding=\"async\" loading=\"lazy\" class=\"alignnone size-full wp-image-375694\" src=\"http:\/\/aujourdhui.ma\/wp-content\/uploads\/2021\/05\/Ford-accelere-la-RD-sur-les-batteries.jpg\" alt=\"\" width=\"746\" height=\"379\" srcset=\"http:\/\/aujourdhui.ma\/wp-content\/uploads\/2021\/05\/Ford-accelere-la-RD-sur-les-batteries.jpg 746w, \/\/aujourdhui.ma\/wp-content\/uploads\/2021\/05\/Ford-accelere-la-RD-sur-les-batteries-300x152.jpg 300w, \/\/aujourdhui.ma\/wp-content\/uploads\/2021\/05\/Ford-accelere-la-RD-sur-les-batteries-274x140.jpg 274w, \/\/aujourdhui.ma\/wp-content\/uploads\/2021\/05\/Ford-accelere-la-RD-sur-les-batteries-165x84.jpg 165w, \/\/aujourdhui.ma\/wp-content\/uploads\/2021\/05\/Ford-accelere-la-RD-sur-les-batteries-702x358.jpg 702w\" sizes=\"auto, (max-width: 746px) 100vw, 746px\"\/><\/a><\/p>\n<\/div>\n<p>Auteur: ALM<br \/>\n<a href=\"https:\/\/aujourdhui.ma\/automobile\/ford-accelere-la-rd-sur-les-batteries\">Cliquez ici pour lire l&rsquo;article depuis sa source.<\/a><\/p>\n","protected":false},"excerpt":{"rendered":"<p>Une \u00e9quipe d\u00e9di\u00e9e et un nouveau centre d\u2019excellence mondial baptis\u00e9 Ford Ion Park Ford fait part de la cr\u00e9ation d\u2019un nouveau centre d\u2019excellence mondial pour les batteries, appel\u00e9 Ford Ion Park, dans le sud-est du Michigan. Ainsi, le constructeur automobile am\u00e9ricain s\u2019appuie sur pr\u00e8s de deux d\u00e9cennies d\u2019expertise en mati\u00e8re de batteries. \u00abUne \u00e9quipe multifonctionnelle [&hellip;]<\/p>\n","protected":false},"author":1759,"featured_media":0,"comment_status":"closed","ping_status":"closed","sticky":false,"template":"","format":"standard","meta":{"fifu_image_url":"http:\/\/aujourdhui.ma\/wp-content\/uploads\/2021\/05\/Ford-accelere-la-RD-sur-les-batteries-ds.jpg","fifu_image_alt":"<div>Ford acc\u00e9l\u00e8re la R&D sur les batteries<\/div>","footnotes":""},"categories":[73,54],"tags":[],"class_list":["post-116192","post","type-post","status-publish","format-standard","hentry","category-actualite","category-maroc"],"_links":{"self":[{"href":"https:\/\/linitiative.ca\/International\/wp-json\/wp\/v2\/posts\/116192","targetHints":{"allow":["GET"]}}],"collection":[{"href":"https:\/\/linitiative.ca\/International\/wp-json\/wp\/v2\/posts"}],"about":[{"href":"https:\/\/linitiative.ca\/International\/wp-json\/wp\/v2\/types\/post"}],"author":[{"embeddable":true,"href":"https:\/\/linitiative.ca\/International\/wp-json\/wp\/v2\/users\/1759"}],"replies":[{"embeddable":true,"href":"https:\/\/linitiative.ca\/International\/wp-json\/wp\/v2\/comments?post=116192"}],"version-history":[{"count":0,"href":"https:\/\/linitiative.ca\/International\/wp-json\/wp\/v2\/posts\/116192\/revisions"}],"wp:attachment":[{"href":"https:\/\/linitiative.ca\/International\/wp-json\/wp\/v2\/media?parent=116192"}],"wp:term":[{"taxonomy":"category","embeddable":true,"href":"https:\/\/linitiative.ca\/International\/wp-json\/wp\/v2\/categories?post=116192"},{"taxonomy":"post_tag","embeddable":true,"href":"https:\/\/linitiative.ca\/International\/wp-json\/wp\/v2\/tags?post=116192"}],"curies":[{"name":"wp","href":"https:\/\/api.w.org\/{rel}","templated":true}]}}