{"id":116194,"date":"2021-05-04T14:00:57","date_gmt":"2021-05-04T18:00:57","guid":{"rendered":"https:\/\/linitiative.ca\/International\/%ef%bb%bflinde-et-le-bresil-totalisent-plus-de-la-moitie-des-cas-en-une-semaine\/"},"modified":"2021-05-04T14:00:57","modified_gmt":"2021-05-04T18:00:57","slug":"%ef%bb%bflinde-et-le-bresil-totalisent-plus-de-la-moitie-des-cas-en-une-semaine","status":"publish","type":"post","link":"https:\/\/linitiative.ca\/International\/%ef%bb%bflinde-et-le-bresil-totalisent-plus-de-la-moitie-des-cas-en-une-semaine\/","title":{"rendered":"\ufeffL\u2019Inde et le Br\u00e9sil totalisent plus de la moiti\u00e9 des cas en une semaine"},"content":{"rendered":"<div>\n<p style=\"text-align:center\" class=\"has-text-color has-vivid-red-color\"><strong>Covid-19 <\/strong><\/p>\n<p><strong>L\u2019Inde et le Br\u00e9sil totalisent plus de la moiti\u00e9 des cas de Covid-19 enregistr\u00e9s la semaine derni\u00e8re dans le monde, a indiqu\u00e9 lundi l\u2019Organisation mondiale de la sant\u00e9 (OMS).<\/strong><\/p>\n<p>Plus de cas de Covid-19 ont \u00e9t\u00e9 signal\u00e9s dans le monde au cours des deux derni\u00e8res semaines qu\u2019au cours des six premiers mois de la pand\u00e9mie, a fait savoir l\u2019OMS, notant que plus de 5,6 millions de cas de Covid-19 ont \u00e9t\u00e9 recens\u00e9 entre le lundi 26 avril et le dimanche 2 mai inclus.<\/p>\n<p>\u00abL\u2019Inde et le Br\u00e9sil repr\u00e9sentent plus de la moiti\u00e9 des cas de la semaine derni\u00e8re \u00bb, a pr\u00e9cis\u00e9 le directeur g\u00e9n\u00e9ral de l\u2019OMS, Dr Tedros Adhanom Ghebreyesus, lors d\u2019un point de presse virtuel organis\u00e9 depuis Gen\u00e8ve.<br \/>\u00ab Mais de nombreux autres pays dans le monde sont confront\u00e9s \u00e0 une situation tr\u00e8s fragile \u00bb, a-t-il ajout\u00e9.<\/p>\n<p>En Inde, l\u2019OMS fournit du mat\u00e9riel et des fournitures essentiels, notamment des concentrateurs d\u2019oxyg\u00e8ne, des fournitures de laboratoire et des h\u00f4pitaux de campagne mobiles. L\u2019agence onusienne dit \u00e9galement fournir des conseils aux personnes sur la mani\u00e8re de fournir des soins \u00e0 domicile aux familles qui ne peuvent pas trouver de lit d\u2019h\u00f4pital. Pour les patients atteints d\u2019une maladie grave ou critique, l\u2019OMS recommande un traitement par dexam\u00e9thasone. Avec sa fondation, l\u2019agence onusienne collecte des fonds pour r\u00e9pondre aux besoins en oxyg\u00e8ne et en fournitures connexes \u00e0 l\u2019\u00e9chelle mondiale.<\/p>\n<p>Le directeur g\u00e9n\u00e9ral de l\u2019OMS a, de nouveau, appel\u00e9 tout le monde \u00e0 continuer de suivre les conseils de son organisation et des pays : maintenir une distance physique, \u00e9viter les foules, porter un masque bien ajust\u00e9 qui couvre correctement le nez et la bouche, ouvrir les fen\u00eatres, se couvrir la bouche en cas de toux et d\u2019\u00e9ternuements et bien se laver les mains.<\/p>\n<p>\u00abCe qui se passe en Inde et au Br\u00e9sil pourrait se produire ailleurs, \u00e0 moins que nous ne prenions tous ces pr\u00e9cautions de sant\u00e9 publique que l\u2019OMS r\u00e9clame depuis le d\u00e9but de la pand\u00e9mie \u00bb, a insist\u00e9 le Dr Tedros, soulignant que \u00ab les vaccins font partie de la r\u00e9ponse, mais ils ne sont pas la seule r\u00e9ponse \u00bb.<\/p>\n<p>Vendredi, l\u2019OMS a inscrit le vaccin contre la Covid-19 produit par Moderna sur sa liste d\u2019utilisation d\u2019urgence, ce qui en fait le cinqui\u00e8me \u00e0 recevoir l\u2019homologation par l\u2019agence onusienne.<\/p>\n<p>L\u2019inscription d\u2019un vaccin sur cette liste d\u2019utilisation d\u2019urgence de l\u2019OMS est une condition pr\u00e9alable \u00e0 son achat et \u00e0 sa livraison via le dispositif de solidarit\u00e9 international COVAX. Il permet \u00e9galement aux pays d\u2019acc\u00e9l\u00e9rer leur propre approbation r\u00e9glementaire et d\u2019importer et d\u2019administrer un vaccin.<\/p>\n<p>L\u2019alliance pour les vaccins Gavi a sign\u00e9 un accord avec Moderna pour obtenir 500 millions de doses de vaccin au nom du COVAX. Lundi matin, la Su\u00e8de a inform\u00e9 l\u2019OMS qu\u2019elle ferait don d\u2019un million de doses de vaccin AstraZeneca au COVAX. <\/p>\n<p>L\u2019article <a rel=\"nofollow\" href=\"http:\/\/albayane.press.ma\/%EF%BB%BFlinde-et-le-bresil-totalisent-plus-de-la-moitie-des-cas-en-une-semaine.html\">\ufeffL\u2019Inde et le Br\u00e9sil totalisent plus de la moiti\u00e9 des cas en une semaine<\/a> est apparu en premier sur <a rel=\"nofollow\" href=\"http:\/\/albayane.press.ma\/\">ALBAYANE<\/a>.<\/p>\n<\/div>\n<p>Auteur: M&rsquo;hammed rahal<br \/>\n<a href=\"http:\/\/albayane.press.ma\/%EF%BB%BFlinde-et-le-bresil-totalisent-plus-de-la-moitie-des-cas-en-une-semaine.html\">Cliquez ici pour lire l&rsquo;article depuis sa source.<\/a><\/p>\n","protected":false},"excerpt":{"rendered":"<p>Covid-19 L\u2019Inde et le Br\u00e9sil totalisent plus de la moiti\u00e9 des cas de Covid-19 enregistr\u00e9s la semaine derni\u00e8re dans le monde, a indiqu\u00e9 lundi l\u2019Organisation mondiale de la sant\u00e9 (OMS). Plus de cas de Covid-19 ont \u00e9t\u00e9 signal\u00e9s dans le monde au cours des deux derni\u00e8res semaines qu\u2019au cours des six premiers mois de la [&hellip;]<\/p>\n","protected":false},"author":1760,"featured_media":0,"comment_status":"closed","ping_status":"closed","sticky":false,"template":"","format":"standard","meta":{"fifu_image_url":"","fifu_image_alt":"","footnotes":""},"categories":[73,54],"tags":[],"class_list":["post-116194","post","type-post","status-publish","format-standard","hentry","category-actualite","category-maroc"],"_links":{"self":[{"href":"https:\/\/linitiative.ca\/International\/wp-json\/wp\/v2\/posts\/116194","targetHints":{"allow":["GET"]}}],"collection":[{"href":"https:\/\/linitiative.ca\/International\/wp-json\/wp\/v2\/posts"}],"about":[{"href":"https:\/\/linitiative.ca\/International\/wp-json\/wp\/v2\/types\/post"}],"author":[{"embeddable":true,"href":"https:\/\/linitiative.ca\/International\/wp-json\/wp\/v2\/users\/1760"}],"replies":[{"embeddable":true,"href":"https:\/\/linitiative.ca\/International\/wp-json\/wp\/v2\/comments?post=116194"}],"version-history":[{"count":0,"href":"https:\/\/linitiative.ca\/International\/wp-json\/wp\/v2\/posts\/116194\/revisions"}],"wp:attachment":[{"href":"https:\/\/linitiative.ca\/International\/wp-json\/wp\/v2\/media?parent=116194"}],"wp:term":[{"taxonomy":"category","embeddable":true,"href":"https:\/\/linitiative.ca\/International\/wp-json\/wp\/v2\/categories?post=116194"},{"taxonomy":"post_tag","embeddable":true,"href":"https:\/\/linitiative.ca\/International\/wp-json\/wp\/v2\/tags?post=116194"}],"curies":[{"name":"wp","href":"https:\/\/api.w.org\/{rel}","templated":true}]}}