{"id":116196,"date":"2021-05-05T06:18:41","date_gmt":"2021-05-05T10:18:41","guid":{"rendered":"https:\/\/linitiative.ca\/International\/%ef%bb%bfjazz-au-maroc-vivement-le-live\/"},"modified":"2021-05-05T06:18:41","modified_gmt":"2021-05-05T10:18:41","slug":"%ef%bb%bfjazz-au-maroc-vivement-le-live","status":"publish","type":"post","link":"https:\/\/linitiative.ca\/International\/%ef%bb%bfjazz-au-maroc-vivement-le-live\/","title":{"rendered":"\ufeffJazz au Maroc: vivement le live !"},"content":{"rendered":"<div>\n<p style=\"color:#9c07ec;text-align:center\" class=\"has-text-color\"><strong>Symbole de paix, d\u2019unit\u00e9 et de dialogue <\/strong><\/p>\n<p style=\"text-align:right\" class=\"has-text-color has-vivid-cyan-blue-color\"><strong>Par Hakim ENNADI \u2013MAP<\/strong><\/p>\n<ul class=\"wp-block-gallery columns-2 is-cropped\">\n<li class=\"blocks-gallery-item\">\n<figure><img decoding=\"async\" src=\"http:\/\/albayane.press.ma\/wp-content\/uploads\/OUV1-28.jpg\" alt=\"\" data-id=\"111908\" data-link=\"http:\/\/albayane.press.ma\/?attachment_id=111908#main\" class=\"wp-image-111908\"><\/figure>\n<\/li>\n<li class=\"blocks-gallery-item\">\n<figure><img decoding=\"async\" src=\"http:\/\/albayane.press.ma\/wp-content\/uploads\/OUV2-5.png\" alt=\"\" data-id=\"111913\" data-link=\"http:\/\/albayane.press.ma\/?attachment_id=111913#main\" class=\"wp-image-111913\"><\/figure>\n<\/li>\n<\/ul>\n<p><strong>Symbole de paix, d\u2019unit\u00e9 et de dialogue, le Jazz a trouv\u00e9 au Maroc un terrain fertile pour la pratique musicale bas\u00e9e sur l\u2019innovation artistique, l\u2019improvisation et l\u2019int\u00e9gration de nouvelles formes musicales.<\/strong><\/p>\n<p>Bien qu\u2019il fasse moins de bruit, le Jazz est tr\u00e8s pr\u00e9sent au Maroc et le pays compte un grand nombre de musiciens et de troupes adeptes de ce registre musical. Le secret de r\u00e9ussite de cet art au Maroc r\u00e9side, sans doute, dans l\u2019esprit de brassage culturel que cultive le Royaume \u00e0 bien des niveaux.<\/p>\n<p>Jazz au Chellah, Tanjazz, Jazzablanca ou encore Jazz sous l\u2019arganier, autant de festivals initi\u00e9s dans diff\u00e9rentes villes marocaines, gr\u00e2ce auxquels la popularit\u00e9 du Jazz n\u2019a cess\u00e9 de gagner du terrain. Ils ont r\u00e9ussi \u00e0 conqu\u00e9rir un public fid\u00e8le et connaisseur et ont encourag\u00e9 l\u2019apparition de plusieurs troupes de jazz marocaines, telles que les incontournables Jauk El Maleh, les fr\u00e8res Souissi, Majid Bekkas ou encore la jeune troupe Jazz\u2019amazigh.<\/p>\n<p>Chaque ann\u00e9e, Moulay Ahmed Alami organise deux grands festivals de Jazz, \u00e0 savoir Jazzablanca et Tanjazz. Il explique que ces deux manifestations artistiques donnent une grande place \u00e0 la d\u00e9couverte et aux jeunes talents, pr\u00e9cisant que 40% des artistes qui se produisent \u00e0 Jazzablanca sont marocains.<\/p>\n<p>\u201cDepuis plusieurs ann\u00e9es, on a r\u00e9ussi \u00e0 fid\u00e9liser un public tr\u00e8s large, compos\u00e9 en grande partie de jeunes \u00e0 la recherche de belles d\u00e9couvertes\u201d, a-t-il d\u00e9clar\u00e9 \u00e0 la MAP, notant que le public marocain est toujours avide de concerts, de musique et de d\u00e9couverte.<\/p>\n<p>La fid\u00e9lit\u00e9 du public t\u00e9moigne de la qualit\u00e9 des festivals, a-t-il soulign\u00e9, mettant en avant l\u2019apport qualitatif de ces \u00e9v\u00e9nements qui permettent aux artistes marocains de partager la sc\u00e8ne avec des Jazzmen de renomm\u00e9e internationale.<\/p>\n<p>D\u2019autre part, les organisateurs veillent \u00e0 organiser des ateliers de Jazz au profit des enfants, ce qui favorise la promotion de cet art aupr\u00e8s du jeune public et, de ce fait, garantit sa p\u00e9rennit\u00e9 sur la sc\u00e8ne artistique nationale.<\/p>\n<p>\u201cDepuis 2020, les activit\u00e9s artistiques sont presque \u00e0 l\u2019arr\u00eat \u00e0 cause de la pand\u00e9mie de Covid-19 et les mesures restrictives qu\u2019elle a entra\u00een\u00e9es\u201d, a regrett\u00e9 M. Alami, relevant que le Jazz est un voyage en lui-m\u00eame et a donc besoin de voyager en permanence \u00e0 la qu\u00eate de rencontres et d\u2019\u00e9changes artistiques et culturels.<\/p>\n<p>\u201cVivement la fin de la pand\u00e9mie et le retour du live\u201d, a-t-il dit, sugg\u00e9rant, si la situation perdure, d\u2019innover des solutions pratiques et s\u00fbres pour permettre aux artistes de reprendre leur activit\u00e9 tout en respectant les gestes barri\u00e8res visant la lutte contre la propagation du Covid-19.<\/p>\n<p>La promotion du Jazz au Maroc est limit\u00e9e aux seules initiatives d\u2019artistes, de m\u00e9c\u00e8nes et d\u2019un nombre d\u2019acteurs culturels. Or, de l\u2019avis des sp\u00e9cialistes, pour que cet art occupe la place qui lui sied sur la sc\u00e8ne artistique nationale, il est n\u00e9cessaire de l\u2019accompagner du volet acad\u00e9mique, en cr\u00e9ant des \u00e9coles d\u00e9di\u00e9es ou des formations sp\u00e9cifiques au sein des conservatoires de musique.<\/p>\n<p>Dans ce sens, le Jazzman marocain et directeur artistique du Festival Jazz au Chellah, Majid Bekkas, a insist\u00e9 sur l\u2019importance de la cr\u00e9ation d\u2019\u00e9coles sp\u00e9cialis\u00e9es dans le Jazz, estimant que cette d\u00e9marche est \u00e0 m\u00eame d\u2019aider au d\u00e9veloppement de ce genre musical au niveau national.<br \/> Les Jazzmen marocains sont g\u00e9n\u00e9ralement autoditactes et pour d\u00e9velopper leur niveau, il comptent sur leurs propres moyens et sur les rencontres avec des Jazzmen \u00e9trangers confirm\u00e9s.<\/p>\n<p>\u201cD\u2019ann\u00e9e en ann\u00e9e, le Jazz gagne du terrain au Maroc\u201d, s\u2019est il f\u00e9licit\u00e9 dans une d\u00e9claration \u00e0 la MAP, faisant savoir que cet engouement a commenc\u00e9 depuis les ann\u00e9es 90, notamment avec le lancement en 1996 du festival Jazz au Chellah, n\u00e9 sous le nom de \u201cJazz aux Oudayas\u201d.<\/p>\n<p>\u201cBien qu\u2019historiquement le Jazz est \u00e9cout\u00e9 par un public plut\u00f4t \u00e2g\u00e9, au Maroc, les jeunes forment la majorit\u00e9 des adeptes de ce genre musical\u201d, a-t-il fait remarquer. Signe qu\u2019il a encore de beaux jours devant lui.<\/p>\n<p>Apr\u00e8s une deuxi\u00e8me ann\u00e9e sans festival en perspective, Majid Bekkas s\u2019est montr\u00e9 serein, se disant persuad\u00e9 que le public est impatient de retrouver les spectacles, les concerts et les festivals d\u00e8s la fin de la crise sanitaire.<\/p>\n<p>L\u2019ann\u00e9e 2021 marque le 10\u00e8me anniversaire de la Journ\u00e9e internationale du jazz depuis son adoption par la Conf\u00e9rence g\u00e9n\u00e9rale de l\u2019UNESCO en 2011. Le 30 avril de chaque ann\u00e9e, le monde de la musique c\u00e9l\u00e8bre le jazz et le r\u00f4le que joue ce genre musical dans l\u2019encouragement du dialogue, la lutte contre la discrimination et la promotion de la dignit\u00e9 humaine.<\/p>\n<p>Le Jazzday est destin\u00e9 \u00e0 sensibiliser la communaut\u00e9 internationale aux vertus du jazz comme outil \u00e9ducatif, et comme force de paix, d\u2019unit\u00e9, de dialogue et de coop\u00e9ration renforc\u00e9e entre les peuples. <\/p>\n<p>L\u2019article <a rel=\"nofollow\" href=\"http:\/\/albayane.press.ma\/%EF%BB%BFjazz-au-maroc-vivement-le-live.html\">\ufeffJazz au Maroc: vivement le live !<\/a> est apparu en premier sur <a rel=\"nofollow\" href=\"http:\/\/albayane.press.ma\/\">ALBAYANE<\/a>.<\/p>\n<\/div>\n<p>Auteur: M&rsquo;hammed rahal<br \/>\n<a href=\"http:\/\/albayane.press.ma\/%EF%BB%BFjazz-au-maroc-vivement-le-live.html\">Cliquez ici pour lire l&rsquo;article depuis sa source.<\/a><\/p>\n","protected":false},"excerpt":{"rendered":"<p>Symbole de paix, d\u2019unit\u00e9 et de dialogue Par Hakim ENNADI \u2013MAP Symbole de paix, d\u2019unit\u00e9 et de dialogue, le Jazz a trouv\u00e9 au Maroc un terrain fertile pour la pratique musicale bas\u00e9e sur l\u2019innovation artistique, l\u2019improvisation et l\u2019int\u00e9gration de nouvelles formes musicales. Bien qu\u2019il fasse moins de bruit, le Jazz est tr\u00e8s pr\u00e9sent au Maroc [&hellip;]<\/p>\n","protected":false},"author":1760,"featured_media":0,"comment_status":"closed","ping_status":"closed","sticky":false,"template":"","format":"standard","meta":{"fifu_image_url":"http:\/\/albayane.press.ma\/wp-content\/uploads\/OUV1-28.jpg","fifu_image_alt":"\ufeffJazz au Maroc: vivement le live !","footnotes":""},"categories":[73,54],"tags":[],"class_list":["post-116196","post","type-post","status-publish","format-standard","hentry","category-actualite","category-maroc"],"_links":{"self":[{"href":"https:\/\/linitiative.ca\/International\/wp-json\/wp\/v2\/posts\/116196","targetHints":{"allow":["GET"]}}],"collection":[{"href":"https:\/\/linitiative.ca\/International\/wp-json\/wp\/v2\/posts"}],"about":[{"href":"https:\/\/linitiative.ca\/International\/wp-json\/wp\/v2\/types\/post"}],"author":[{"embeddable":true,"href":"https:\/\/linitiative.ca\/International\/wp-json\/wp\/v2\/users\/1760"}],"replies":[{"embeddable":true,"href":"https:\/\/linitiative.ca\/International\/wp-json\/wp\/v2\/comments?post=116196"}],"version-history":[{"count":0,"href":"https:\/\/linitiative.ca\/International\/wp-json\/wp\/v2\/posts\/116196\/revisions"}],"wp:attachment":[{"href":"https:\/\/linitiative.ca\/International\/wp-json\/wp\/v2\/media?parent=116196"}],"wp:term":[{"taxonomy":"category","embeddable":true,"href":"https:\/\/linitiative.ca\/International\/wp-json\/wp\/v2\/categories?post=116196"},{"taxonomy":"post_tag","embeddable":true,"href":"https:\/\/linitiative.ca\/International\/wp-json\/wp\/v2\/tags?post=116196"}],"curies":[{"name":"wp","href":"https:\/\/api.w.org\/{rel}","templated":true}]}}