{"id":116200,"date":"2021-05-05T12:00:00","date_gmt":"2021-05-05T16:00:00","guid":{"rendered":"https:\/\/linitiative.ca\/International\/video-les-sapeurs-pompiers-manifestent-a-bejaia\/"},"modified":"2021-05-05T12:00:00","modified_gmt":"2021-05-05T16:00:00","slug":"video-les-sapeurs-pompiers-manifestent-a-bejaia","status":"publish","type":"post","link":"https:\/\/linitiative.ca\/International\/video-les-sapeurs-pompiers-manifestent-a-bejaia\/","title":{"rendered":"[Vid\u00e9o] Les sapeurs-pompiers manifestent \u00e0 B\u00e9ja\u00efa"},"content":{"rendered":"<div id=\"originalText\" readability=\"57\">\n<p>Des dizaines de pompiers de la wilaya de B\u00e9ja\u00efa ont manifest\u00e9, ce mercredi apr\u00e8s-midi, \u00e0 travers les rues de la capitale des Hammadites, afin d\u2019exiger la r\u00e9int\u00e9gration de leurs coll\u00e8gues suspendus par la tutelle et l\u2019annulation de la proc\u00e9dure de justice engag\u00e9e \u00e0 leur encontre.\u00a0<\/p>\n<p>Apr\u00e8s avoir observ\u00e9 un rassemblement de protestation devant l\u2019unit\u00e9 principale de la protection civile de B\u00e9ja\u00efa, sise au quartier dit des quatre chemins, les sapeurs-pompiers contestataires ont improvis\u00e9 une marche pacifique vers le si\u00e8ge de leur direction de wilaya, sise \u00e0 la cit\u00e9 Tobbal.<\/p>\n<p>Une fois sur les lieux, les manifestants ont tenu un autre sit-in devant l\u2019entr\u00e9e principale de leur direction, brandissant des pancartes portant leurs revendications socioprofessionnelles.<\/p>\n<p>Quelques minutes plus tard, ils d\u00e9cident de reprendre leur marche pour se diriger vers le si\u00e8ge de la wilaya, o\u00f9 ils observeront \u00e0 nouveau un rassemblement de protestation.<\/p>\n<p><iframe loading=\"lazy\" allow=\"autoplay; clipboard-write; encrypted-media; picture-in-picture; web-share\" allowfullscreen=\"true\" frameborder=\"0\" height=\"314\" scrolling=\"no\" src=\"https:\/\/www.facebook.com\/plugins\/video.php?height=314&amp;href=https%3A%2F%2Fwww.facebook.com%2Fbejaiasoisobservateur%2Fvideos%2F291100532510941%2F&amp;show_text=false&amp;width=560\" class=\"c6\" width=\"560\">[embedded content]<\/iframe><\/p>\n<p class=\"c7\"><strong>Kamal\u00a0Ouhnia pour r\u00e9daction Web\u00a0<\/strong><\/p>\n<\/div>\n<div id=\"text_core\" readability=\"57\">\n<p>Des dizaines de pompiers de la wilaya de B\u00e9ja\u00efa ont manifest\u00e9, ce mercredi apr\u00e8s-midi, \u00e0 travers les rues de la capitale des Hammadites, afin d\u2019exiger la r\u00e9int\u00e9gration de leurs coll\u00e8gues suspendus par la tutelle et l\u2019annulation de la proc\u00e9dure de justice engag\u00e9e \u00e0 leur encontre.\u00a0<\/p>\n<p>Apr\u00e8s avoir observ\u00e9 un rassemblement de protestation devant l\u2019unit\u00e9 principale de la protection civile de B\u00e9ja\u00efa, sise au quartier dit des quatre chemins, les sapeurs-pompiers contestataires ont improvis\u00e9 une marche pacifique vers le si\u00e8ge de leur direction de wilaya, sise \u00e0 la cit\u00e9 Tobbal.<\/p>\n<p>Une fois sur les lieux, les manifestants ont tenu un autre sit-in devant l\u2019entr\u00e9e principale de leur direction, brandissant des pancartes portant leurs revendications socioprofessionnelles.<\/p>\n<p>Quelques minutes plus tard, ils d\u00e9cident de reprendre leur marche pour se diriger vers le si\u00e8ge de la wilaya, o\u00f9 ils observeront \u00e0 nouveau un rassemblement de protestation.<\/p>\n<p><iframe loading=\"lazy\" allow=\"autoplay; clipboard-write; encrypted-media; picture-in-picture; web-share\" allowfullscreen=\"true\" frameborder=\"0\" height=\"314\" scrolling=\"no\" src=\"https:\/\/www.facebook.com\/plugins\/video.php?height=314&amp;href=https%3A%2F%2Fwww.facebook.com%2Fbejaiasoisobservateur%2Fvideos%2F291100532510941%2F&amp;show_text=false&amp;width=560\" class=\"c6\" width=\"560\">[embedded content]<\/iframe><\/p>\n<p class=\"c7\"><strong>Kamal\u00a0Ouhnia pour r\u00e9daction Web\u00a0<\/strong><\/p>\n<\/div>\n<p>Auteur:<br \/>\n<a href=\"https:\/\/www.liberte-algerie.com\/actualite\/video-les-sapeurs-pompiers-manifestent-a-bejaia-358310\">Cliquez ici pour lire l&rsquo;article depuis sa source.<\/a><\/p>\n","protected":false},"excerpt":{"rendered":"<p>Des dizaines de pompiers de la wilaya de B\u00e9ja\u00efa ont manifest\u00e9, ce mercredi apr\u00e8s-midi, \u00e0 travers les rues de la capitale des Hammadites, afin d\u2019exiger la r\u00e9int\u00e9gration de leurs coll\u00e8gues suspendus par la tutelle et l\u2019annulation de la proc\u00e9dure de justice engag\u00e9e \u00e0 leur encontre.\u00a0 Apr\u00e8s avoir observ\u00e9 un rassemblement de protestation devant l\u2019unit\u00e9 principale [&hellip;]<\/p>\n","protected":false},"author":1742,"featured_media":0,"comment_status":"closed","ping_status":"closed","sticky":false,"template":"","format":"standard","meta":{"fifu_image_url":"","fifu_image_alt":"","footnotes":""},"categories":[73,53],"tags":[],"class_list":["post-116200","post","type-post","status-publish","format-standard","hentry","category-actualite","category-algerie"],"_links":{"self":[{"href":"https:\/\/linitiative.ca\/International\/wp-json\/wp\/v2\/posts\/116200","targetHints":{"allow":["GET"]}}],"collection":[{"href":"https:\/\/linitiative.ca\/International\/wp-json\/wp\/v2\/posts"}],"about":[{"href":"https:\/\/linitiative.ca\/International\/wp-json\/wp\/v2\/types\/post"}],"author":[{"embeddable":true,"href":"https:\/\/linitiative.ca\/International\/wp-json\/wp\/v2\/users\/1742"}],"replies":[{"embeddable":true,"href":"https:\/\/linitiative.ca\/International\/wp-json\/wp\/v2\/comments?post=116200"}],"version-history":[{"count":0,"href":"https:\/\/linitiative.ca\/International\/wp-json\/wp\/v2\/posts\/116200\/revisions"}],"wp:attachment":[{"href":"https:\/\/linitiative.ca\/International\/wp-json\/wp\/v2\/media?parent=116200"}],"wp:term":[{"taxonomy":"category","embeddable":true,"href":"https:\/\/linitiative.ca\/International\/wp-json\/wp\/v2\/categories?post=116200"},{"taxonomy":"post_tag","embeddable":true,"href":"https:\/\/linitiative.ca\/International\/wp-json\/wp\/v2\/tags?post=116200"}],"curies":[{"name":"wp","href":"https:\/\/api.w.org\/{rel}","templated":true}]}}