{"id":116201,"date":"2021-05-05T12:05:23","date_gmt":"2021-05-05T16:05:23","guid":{"rendered":"https:\/\/linitiative.ca\/International\/installation-du-nouveau-directeur-regional-du-crmef-ms\/"},"modified":"2021-05-05T12:05:23","modified_gmt":"2021-05-05T16:05:23","slug":"installation-du-nouveau-directeur-regional-du-crmef-ms","status":"publish","type":"post","link":"https:\/\/linitiative.ca\/International\/installation-du-nouveau-directeur-regional-du-crmef-ms\/","title":{"rendered":"Installation du nouveau directeur r\u00e9gional du CRMEF-MS"},"content":{"rendered":"<div readability=\"38\">\n<p>Marrakech \u2013 La c\u00e9r\u00e9monie d\u2019installation du nouveau directeur r\u00e9gional du Centre R\u00e9gional des M\u00e9tiers de l\u2019Education et de la Formation (CRMEF) de Marrakech-Safi, M. Abdeljabbar Karimi, s\u2019est d\u00e9roul\u00e9e en d\u00e9but de semaine \u00e0 Marrakech, en vue de donner une nouvelle impulsion au syst\u00e8me de gestion de la chose \u00e9ducative dans la r\u00e9gion.<\/p>\n<\/div>\n<div readability=\"109\">\n<p>Lors de cette c\u00e9r\u00e9monie tenue dans le respect strict des mesures pr\u00e9ventives visant \u00e0 endiguer la propagation de la pand\u00e9mie de la Covid-19, le directeur de l\u2019Acad\u00e9mie R\u00e9gionale de l\u2019Education et de la Formation (AREF) Marrakech-Safi, M. Moulay Ahmed El Karimi, a f\u00e9licit\u00e9 le nouveau directeur pour la confiance dont il a fait l\u2019objet et sa nomination \u00e0 ce poste, tout en rappelant le parcours acad\u00e9mique et la carri\u00e8re professionnelle de M. Karimi.<\/p>\n<p>M. El Karimi a soulign\u00e9 que cette nomination intervient dans un contexte marqu\u00e9 par des enjeux majeurs li\u00e9s \u00e0 la r\u00e9forme du syst\u00e8me d\u2019\u00e9ducation et de formation, et l\u2019entr\u00e9e en vigueur de la loi-cadre 51.17, rappelant que le minist\u00e8re de tutelle a \u00e9labor\u00e9 une m\u00e9thodologie structur\u00e9e, bas\u00e9e sur des objectifs g\u00e9n\u00e9raux et sp\u00e9cifiques, ainsi que sur des r\u00e9sultats, des mesures, des processus et des indicateurs sp\u00e9cifiques et pr\u00e9cis pour mettre en \u0153uvre ses dispositions.<\/p>\n<p>Chaque structure institutionnelle s\u2019est vu attribuer les r\u00f4les qui lui sont assign\u00e9s en vue d\u2019atteindre ces r\u00e9sultats \u00e0 travers la mise en \u0153uvre d\u2019un portefeuille qui comprend 18 projets int\u00e9gr\u00e9s, r\u00e9partis sur trois domaines d\u2019intervention strat\u00e9giques \u00e0 savoir : l\u2019\u00e9quit\u00e9 et l\u2019\u00e9galit\u00e9 des chances (7 projets), la promotion de la qualit\u00e9 de l\u2019enseignement et de la formation (7 projets), ainsi que la gouvernance du syst\u00e8me et la mobilisation (4 projets), a-t-il relev\u00e9.<\/p>\n<p>Dans ce sens, il a soulign\u00e9 le r\u00f4le important que joue le Centre R\u00e9gional des M\u00e9tiers de l\u2019Education et de la Formation au sein du syst\u00e8me \u00e9ducatif pour la mise en \u0153uvre de ces projets, en tant qu\u2019acteur central dans les m\u00e9tiers de l\u2019\u00e9ducation et de la formation, notamment l\u2019encadrement, la recherche p\u00e9dagogique et la qualification professionnelle.<\/p>\n<p>Saluant les efforts et la contribution de l\u2019ancien directeur du CRMEF-MS, M. Jaouad Rouihen, \u00e0 la r\u00e9alisation de plusieurs performances, M. El Karimi a exprim\u00e9 ses v\u0153ux de plein succ\u00e8s au nouveau directeur, tout en l\u2019invitant \u00e0 mettre \u00e0 contribution toute son expertise et les comp\u00e9tences qu\u2019il a accumul\u00e9es en vue de l\u2019am\u00e9lioration du syst\u00e8me de l\u2019\u00e9ducation et de la formation.<\/p>\n<p>Il a, par ailleurs, appel\u00e9 tous les acteurs concern\u00e9s \u00e0 poursuivre leur mobilisation pour traduire dans les faits les dispositions de la loi-cadre 51.17 relative au syst\u00e8me d\u2019\u00e9ducation, de formation et de recherche scientifique, afin de promouvoir l\u2019\u00e9cole marocaine et de contribuer aux efforts de d\u00e9veloppement du Royaume, sous la conduite \u00e9clair\u00e9e de Sa Majest\u00e9 le Roi Mohammed VI.<\/p>\n<p>Dans une allocution de circonstance, M. Rouihen s\u2019est arr\u00eat\u00e9 sur les transformations intervenues au niveau des Centre des M\u00e9tiers de l\u2019Education et de la Formation depuis leur cr\u00e9ation et leur contribution dans les chantiers de r\u00e9forme institutionnelle, en coordination avec tous les acteurs du secteur de l\u2019\u00e9ducation et de la formation.<\/p>\n<p>De son c\u00f4t\u00e9, M. Abdeljabbar Karimi a soulign\u00e9 le r\u00f4le cl\u00e9 des Centres des M\u00e9tiers de l\u2019Education et de la Formation dans le syst\u00e8me d\u2019\u00e9ducation et de formation, notamment dans le cadre de la mise en \u0153uvre de la loi-cadre 51.17, rappelant son projet personnel \u00e0 moyen terme (2021\/2024).<\/p>\n<p>Tout en mettant l\u2019accent sur l\u2019\u00e9tat des lieux du CRMEF-MS, il a appel\u00e9 tous les cadres administratifs et \u00e9ducatifs \u00e0 s\u2019engager fortement afin de soutenir les projets \u00e9ducatifs du Centre. Le but \u00e9tant de mettre en oeuvre le plan d\u2019action de cette institution, selon une approche holistique qui cadre parfaitement avec la strat\u00e9gie du minist\u00e8re de tutelle et les particularit\u00e9s de la r\u00e9gion, dans l\u2019optique d\u2019am\u00e9liorer la qualit\u00e9 de la formation.<\/p>\n<\/div>\n<p>Auteur: Meriem IGASS<br \/>\n<a href=\"http:\/\/www.mapmarrakech.ma\/fr\/installation-du-nouveau-directeur-regional-du-crmef-ms\/\">Cliquez ici pour lire l&rsquo;article depuis sa source.<\/a><\/p>\n","protected":false},"excerpt":{"rendered":"<p>Marrakech \u2013 La c\u00e9r\u00e9monie d\u2019installation du nouveau directeur r\u00e9gional du Centre R\u00e9gional des M\u00e9tiers de l\u2019Education et de la Formation (CRMEF) de Marrakech-Safi, M. Abdeljabbar Karimi, s\u2019est d\u00e9roul\u00e9e en d\u00e9but de semaine \u00e0 Marrakech, en vue de donner une nouvelle impulsion au syst\u00e8me de gestion de la chose \u00e9ducative dans la r\u00e9gion. Lors de cette [&hellip;]<\/p>\n","protected":false},"author":1788,"featured_media":0,"comment_status":"closed","ping_status":"closed","sticky":false,"template":"","format":"standard","meta":{"fifu_image_url":"","fifu_image_alt":"","footnotes":""},"categories":[54,76],"tags":[],"class_list":["post-116201","post","type-post","status-publish","format-standard","hentry","category-maroc","category-regions"],"_links":{"self":[{"href":"https:\/\/linitiative.ca\/International\/wp-json\/wp\/v2\/posts\/116201","targetHints":{"allow":["GET"]}}],"collection":[{"href":"https:\/\/linitiative.ca\/International\/wp-json\/wp\/v2\/posts"}],"about":[{"href":"https:\/\/linitiative.ca\/International\/wp-json\/wp\/v2\/types\/post"}],"author":[{"embeddable":true,"href":"https:\/\/linitiative.ca\/International\/wp-json\/wp\/v2\/users\/1788"}],"replies":[{"embeddable":true,"href":"https:\/\/linitiative.ca\/International\/wp-json\/wp\/v2\/comments?post=116201"}],"version-history":[{"count":0,"href":"https:\/\/linitiative.ca\/International\/wp-json\/wp\/v2\/posts\/116201\/revisions"}],"wp:attachment":[{"href":"https:\/\/linitiative.ca\/International\/wp-json\/wp\/v2\/media?parent=116201"}],"wp:term":[{"taxonomy":"category","embeddable":true,"href":"https:\/\/linitiative.ca\/International\/wp-json\/wp\/v2\/categories?post=116201"},{"taxonomy":"post_tag","embeddable":true,"href":"https:\/\/linitiative.ca\/International\/wp-json\/wp\/v2\/tags?post=116201"}],"curies":[{"name":"wp","href":"https:\/\/api.w.org\/{rel}","templated":true}]}}