{"id":116202,"date":"2021-05-05T12:38:54","date_gmt":"2021-05-05T16:38:54","guid":{"rendered":"https:\/\/linitiative.ca\/International\/championnat-dafrique-du-cyclisme-hommage-a-deux-eleves\/"},"modified":"2021-05-05T12:38:54","modified_gmt":"2021-05-05T16:38:54","slug":"championnat-dafrique-du-cyclisme-hommage-a-deux-eleves","status":"publish","type":"post","link":"https:\/\/linitiative.ca\/International\/championnat-dafrique-du-cyclisme-hommage-a-deux-eleves\/","title":{"rendered":"Championnat d\u2019Afrique du cyclisme: Hommage \u00e0 deux \u00e9l\u00e8ves"},"content":{"rendered":"<div readability=\"35\">\n<p>Safi \u2013 La Direction provinciale de l\u2019Education Nationale a organis\u00e9 mardi \u00e0 Safi, une c\u00e9r\u00e9monie en hommage \u00e0 deux \u00e9l\u00e8ves qui ont brill\u00e9 au Championnat d\u2019Afrique du Cyclisme tenu du 02 au 06 mars dernier en Egypte.<\/p>\n<\/div>\n<div readability=\"75\">\n<p>Il s\u2019agit de l\u2019\u00e9l\u00e8ve Mohamed Najib Sanbouli qui a remport\u00e9 la m\u00e9daille d\u2019or, Cat\u00e9gorie Junior, dans la discipline du cyclisme en Salle, ainsi qu\u2019une m\u00e9daille d\u2019argent dans la discipline du cyclisme sur route lors de ce Championnat.<\/p>\n<p>La Direction provinciale de l\u2019Education Nationale a aussi rendu hommage \u00e0 l\u2019\u00e9l\u00e8ve Youssef Lamzaouak qui a remport\u00e9 la m\u00e9daille d\u2019argent, Cat\u00e9gorie Junior, dans la discipline du cyclisme en Salle.<\/p>\n<p>Ces deux champions, soci\u00e9taires du Club Association V\u00e9lo des Champions de Safi, suivent leurs \u00e9tudes au lyc\u00e9e qualifiant Hassan II qui abrite des fili\u00e8res scolaires int\u00e9gr\u00e9es \u00ab\u00a0sport-\u00e9tude\u00a0\u00bb, rappelle-t-on.<\/p>\n<p>Ces deux jeunes sportifs talentueux repr\u00e9senteront le Maroc lors du Championnat international du cyclisme.<\/p>\n<p>Pour rappel, l\u2019autre cycliste Sakini Ilyass, soci\u00e9taire du club Association V\u00e9lo des Champions de Safi qui poursuit ses \u00e9tudes \u00e0 Essaouira, a lui aussi remport\u00e9 deux m\u00e9dailles de bronze dans la discipline du cyclisme en salle.<\/p>\n<p>Lors de cette c\u00e9r\u00e9monie, la Direction provinciale de l\u2019Education Nationale de Safi a conclu une convention de partenariat, avec l\u2019association V\u00e9lo des Champions de Safi (Darajat Abtal Asfi).<\/p>\n<p>Cette c\u00e9r\u00e9monie a \u00e9t\u00e9 marqu\u00e9e par la pr\u00e9sence du Directeur provincial de l\u2019Education nationale, M. Nourreddine Sikal, du chef de la division des affaires juridiques, de communication et de partenariat au sein de ladite Direction, d\u2019acteurs de la soci\u00e9t\u00e9 civile \u0153uvrant dans le domaine de la promotion du sport au niveau local, ainsi que du repr\u00e9sentant de la section provinciale de la F\u00e9d\u00e9ration Royale du Sport Scolaire.<\/p>\n<\/div>\n<p>Auteur: Meriem IGASS<br \/>\n<a href=\"http:\/\/www.mapmarrakech.ma\/fr\/championnat-dafrique-du-cyclisme-hommage-a-deux-eleves\/\">Cliquez ici pour lire l&rsquo;article depuis sa source.<\/a><\/p>\n","protected":false},"excerpt":{"rendered":"<p>Safi \u2013 La Direction provinciale de l\u2019Education Nationale a organis\u00e9 mardi \u00e0 Safi, une c\u00e9r\u00e9monie en hommage \u00e0 deux \u00e9l\u00e8ves qui ont brill\u00e9 au Championnat d\u2019Afrique du Cyclisme tenu du 02 au 06 mars dernier en Egypte. Il s\u2019agit de l\u2019\u00e9l\u00e8ve Mohamed Najib Sanbouli qui a remport\u00e9 la m\u00e9daille d\u2019or, Cat\u00e9gorie Junior, dans la discipline [&hellip;]<\/p>\n","protected":false},"author":1788,"featured_media":0,"comment_status":"closed","ping_status":"closed","sticky":false,"template":"","format":"standard","meta":{"fifu_image_url":"","fifu_image_alt":"","footnotes":""},"categories":[54,76],"tags":[],"class_list":["post-116202","post","type-post","status-publish","format-standard","hentry","category-maroc","category-regions"],"_links":{"self":[{"href":"https:\/\/linitiative.ca\/International\/wp-json\/wp\/v2\/posts\/116202","targetHints":{"allow":["GET"]}}],"collection":[{"href":"https:\/\/linitiative.ca\/International\/wp-json\/wp\/v2\/posts"}],"about":[{"href":"https:\/\/linitiative.ca\/International\/wp-json\/wp\/v2\/types\/post"}],"author":[{"embeddable":true,"href":"https:\/\/linitiative.ca\/International\/wp-json\/wp\/v2\/users\/1788"}],"replies":[{"embeddable":true,"href":"https:\/\/linitiative.ca\/International\/wp-json\/wp\/v2\/comments?post=116202"}],"version-history":[{"count":0,"href":"https:\/\/linitiative.ca\/International\/wp-json\/wp\/v2\/posts\/116202\/revisions"}],"wp:attachment":[{"href":"https:\/\/linitiative.ca\/International\/wp-json\/wp\/v2\/media?parent=116202"}],"wp:term":[{"taxonomy":"category","embeddable":true,"href":"https:\/\/linitiative.ca\/International\/wp-json\/wp\/v2\/categories?post=116202"},{"taxonomy":"post_tag","embeddable":true,"href":"https:\/\/linitiative.ca\/International\/wp-json\/wp\/v2\/tags?post=116202"}],"curies":[{"name":"wp","href":"https:\/\/api.w.org\/{rel}","templated":true}]}}