{"id":116205,"date":"2021-05-05T13:44:48","date_gmt":"2021-05-05T17:44:48","guid":{"rendered":"https:\/\/linitiative.ca\/International\/une-reprise-economique-portee-par-lagriculture-en-2021\/"},"modified":"2021-05-05T13:44:48","modified_gmt":"2021-05-05T17:44:48","slug":"une-reprise-economique-portee-par-lagriculture-en-2021","status":"publish","type":"post","link":"https:\/\/linitiative.ca\/International\/une-reprise-economique-portee-par-lagriculture-en-2021\/","title":{"rendered":"Une reprise \u00e9conomique port\u00e9e par l\u2019agriculture en 2021"},"content":{"rendered":"<div readability=\"38\">\n<p>La croissance \u00e9conomique nationale devrait reprendre en 2021 gr\u00e2ce au bon comportement de la campagne agricole 2020\/2021 et au redressement de la valeur ajout\u00e9e non agricole b\u00e9n\u00e9ficiant d\u2019un effet de base, a estim\u00e9, mardi, Ahmed Zhani, \u00e9conomiste au sein de CDG Capital Insight.<\/p>\n<\/div>\n<div readability=\"99\">\n<p>Le Maroc devrait poursuivre sa reprise \u00e9conomique en 2022, corrig\u00e9e \u00e0 la baisse de l\u2019effet de base qui doit doper la croissance pr\u00e9vue en 2021, a expliqu\u00e9 M. Zhani, qui animait un webinaire sous le th\u00e8me \u00ab\u00a0perspectives post-covid19 des \u00e9quilibres macro-\u00e9conomiques et \u00e9volutions des compartiments taux\u00a0\u00bb.<\/p>\n<p>Ainsi, un l\u00e9ger recul de la croissance est attendu en 2022 sous l\u2019hypoth\u00e8se d\u2019une campagne agricole moyenne de 75 millions de quintaux et une l\u00e9g\u00e8re consolidation de la reprise non agricole, a relev\u00e9 l\u2019\u00e9conomiste.<\/p>\n<p>Toutefois, \u00ab\u00a0\u00e0 l\u2019image de la crise de 2008, la croissance non agricole devrait se redresser progressivement en attendant le retour \u00e0 une situation d\u2019\u00e9quilibre sur le march\u00e9 de l\u2019emploi et la reprise des cr\u00e9dits aux m\u00e9nages\u00a0\u00bb, a soutenu M. Zhani.<\/p>\n<p>Et d\u2019anticiper un fort rebond des contreparties de la croissance en 2021 sous l\u2019effet de base conjugu\u00e9 au redressement des sources de financement de la demande des m\u00e9nages, le programme ambitieux d\u2019investissement de l\u2019\u00c9tat et le redressement de la demande \u00e9trang\u00e8re.<\/p>\n<p>Ce retour \u00e0 la croissance sera sans impact significatif sur l\u2019inflation en 2021 et 2022 malgr\u00e9 la hausse pr\u00e9vue des prix des mati\u00e8res premi\u00e8res et \u00e9nerg\u00e9tiques, a-t-il indiqu\u00e9, faisant \u00e9tat d\u2019une demande des m\u00e9nages affaiblie par la crise sanitaire et d\u2019une am\u00e9lioration de l\u2019offre agricole suite aux r\u00e9sultats de la campagne agricole 2020\/2021.<\/p>\n<p>En outre, l\u2019\u00e9conomiste table sur un rebond du d\u00e9ficit commercial courant cette ann\u00e9e, en r\u00e9sultat d\u2019un retour de la demande nationale et internationale et un rench\u00e9rissement des prix des mati\u00e8res premi\u00e8res et \u00e9nerg\u00e9tiques et de la faiblesse des recettes touristiques. L\u2019ann\u00e9e 2022 devrait conna\u00eetre la poursuite du creusement du d\u00e9ficit commercial conjugu\u00e9e \u00e0 une reprise des recettes touristiques, ce qui devrait att\u00e9nuer le d\u00e9ficit du compte courant, a-t-il relev\u00e9.<\/p>\n<p>En mati\u00e8re des finances publiques, l\u2019\u00e9quilibre budg\u00e9taire s\u2019affiche toujours difficile \u00e0 atteindre face \u00e0 des d\u00e9penses globales toujours en hausse, malgr\u00e9 la l\u00e9g\u00e8re reprise des recettes fiscales en 2021, a estim\u00e9 M. Zhani, faisant observer que l\u2019endettement au titre du budget g\u00e9n\u00e9ral devrait augmenter \u00e0 80% du PIB, en d\u00e9pit de la l\u00e9g\u00e8re att\u00e9nuation du d\u00e9ficit public.<\/p>\n<p>Et de mettre en exergue l\u2019impact significatif de la saisonnalit\u00e9 des ressources fiscales sur les besoins mensuels du Tr\u00e9sor public au cours de l\u2019ann\u00e9e, rappelant qu\u2019environ 60% des recettes fiscales sont encaiss\u00e9es au terme des quatre trimestres avec une concentration en mois de mars et de d\u00e9cembre.<\/p>\n<p>Pour ce qui est de la situation du Tr\u00e9sor et du march\u00e9 des bons de tr\u00e9sor, les lev\u00e9es resteront importantes mais sans impacts significatifs sur la courbe des taux sous l\u2019hypoth\u00e8se d\u2019un cadre mon\u00e9taire stable, a-t-il anticip\u00e9.<\/p>\n<p>Ce webinaire fait partie du cycle \u00ab\u00a0Saison de publication des r\u00e9sultats : Bilan et opportunit\u00e9s d\u2019investissement\u00a0\u00bb, organis\u00e9 par la Bourse de Casablanca et l\u2019Association professionnelle des Soci\u00e9t\u00e9s de Bourse (APSB).<\/p>\n<\/div>\n<p>Auteur: Meriem IGASS<br \/>\n<a href=\"http:\/\/www.mapmarrakech.ma\/fr\/une-reprise-economique-portee-par-lagriculture-en-2021\/\">Cliquez ici pour lire l&rsquo;article depuis sa source.<\/a><\/p>\n","protected":false},"excerpt":{"rendered":"<p>La croissance \u00e9conomique nationale devrait reprendre en 2021 gr\u00e2ce au bon comportement de la campagne agricole 2020\/2021 et au redressement de la valeur ajout\u00e9e non agricole b\u00e9n\u00e9ficiant d\u2019un effet de base, a estim\u00e9, mardi, Ahmed Zhani, \u00e9conomiste au sein de CDG Capital Insight. Le Maroc devrait poursuivre sa reprise \u00e9conomique en 2022, corrig\u00e9e \u00e0 la [&hellip;]<\/p>\n","protected":false},"author":1788,"featured_media":0,"comment_status":"closed","ping_status":"closed","sticky":false,"template":"","format":"standard","meta":{"fifu_image_url":"","fifu_image_alt":"","footnotes":""},"categories":[54,76],"tags":[],"class_list":["post-116205","post","type-post","status-publish","format-standard","hentry","category-maroc","category-regions"],"_links":{"self":[{"href":"https:\/\/linitiative.ca\/International\/wp-json\/wp\/v2\/posts\/116205","targetHints":{"allow":["GET"]}}],"collection":[{"href":"https:\/\/linitiative.ca\/International\/wp-json\/wp\/v2\/posts"}],"about":[{"href":"https:\/\/linitiative.ca\/International\/wp-json\/wp\/v2\/types\/post"}],"author":[{"embeddable":true,"href":"https:\/\/linitiative.ca\/International\/wp-json\/wp\/v2\/users\/1788"}],"replies":[{"embeddable":true,"href":"https:\/\/linitiative.ca\/International\/wp-json\/wp\/v2\/comments?post=116205"}],"version-history":[{"count":0,"href":"https:\/\/linitiative.ca\/International\/wp-json\/wp\/v2\/posts\/116205\/revisions"}],"wp:attachment":[{"href":"https:\/\/linitiative.ca\/International\/wp-json\/wp\/v2\/media?parent=116205"}],"wp:term":[{"taxonomy":"category","embeddable":true,"href":"https:\/\/linitiative.ca\/International\/wp-json\/wp\/v2\/categories?post=116205"},{"taxonomy":"post_tag","embeddable":true,"href":"https:\/\/linitiative.ca\/International\/wp-json\/wp\/v2\/tags?post=116205"}],"curies":[{"name":"wp","href":"https:\/\/api.w.org\/{rel}","templated":true}]}}