{"id":116207,"date":"2021-05-05T12:35:25","date_gmt":"2021-05-05T16:35:25","guid":{"rendered":"https:\/\/linitiative.ca\/International\/principaux-points-des-etudes-relatives-au-developpement-du-cannabis\/"},"modified":"2021-05-05T12:35:25","modified_gmt":"2021-05-05T16:35:25","slug":"principaux-points-des-etudes-relatives-au-developpement-du-cannabis","status":"publish","type":"post","link":"https:\/\/linitiative.ca\/International\/principaux-points-des-etudes-relatives-au-developpement-du-cannabis\/","title":{"rendered":"Principaux points des \u00e9tudes relatives au d\u00e9veloppement du cannabis"},"content":{"rendered":"<p class=\"c4\">Voici les principaux points des \u00e9tudes\u00a0de faisabilit\u00e9 relatives au d\u00e9veloppement du cannabis,\u00a0\u00e9labor\u00e9es par le minist\u00e8re de l\u2019Int\u00e9rieur et dont la synth\u00e8se a \u00e9t\u00e9 pr\u00e9sent\u00e9e mardi devant la Commission de l\u2019Int\u00e9rieur, des collectivit\u00e9s territoriales et de la politique de la ville\u00a0\u00e0 la Chambre des repr\u00e9sentants:<\/p>\n<p class=\"c4\">\u2013\u00a0Le nombre d\u2019habitants concern\u00e9s par la culture ill\u00e9gale du cannabis au Maroc est estim\u00e9 \u00e0 400.000 personnes, soit pr\u00e8s de 60.000 familles.<\/p>\n<p class=\"c4\">\u2013 Les revenus agricoles totaux annuels sont pass\u00e9s d\u2019environ 500 millions d\u2019euros au d\u00e9but des ann\u00e9es 2000 \u00e0 pr\u00e8s de 325 millions d\u2019euros aujourd\u2019hui, contre un chiffre d\u2019affaires consolid\u00e9 en Europe, qui est pass\u00e9 d\u2019environ 12 milliards \u00e0 pr\u00e8s de 10,8 milliards d\u2019euros.<\/p>\n<p class=\"c4\">\u2013\u00a0Activit\u00e9 destructrice de l\u2019environnement: l\u2019exploitation excessive des terres agricoles, due \u00e0 l\u2019abandon de la rotation culturale, l\u2019\u00e9puisement des eaux souterraines -sachant que cette r\u00e9gion conna\u00eet la plus grande quantit\u00e9 de pluies au niveau national- et l\u2019usage excessif d\u2019engrais qui pollue les eaux souterraines ainsi que la d\u00e9forestation (le couvert forestier d\u00e9truit est estim\u00e9 \u00e0 1000 hectares par an).<\/p>\n<p class=\"c4\">\u2013 Les pr\u00e9visions 2028 du march\u00e9 du cannabis l\u00e9galis\u00e9: le taux de croissance annuel du march\u00e9 m\u00e9dical mondial est de 30% et le taux de croissance annuel du march\u00e9 m\u00e9dical europ\u00e9en est de 60%. Le march\u00e9 m\u00e9dical europ\u00e9en repr\u00e9sentera environ 60% du march\u00e9 m\u00e9dical mondial.<\/p>\n<p class=\"c4\">\u2013\u00a0Le revenu net annuel du cannabis \u00e0 usage m\u00e9dical pourrait avoisiner les 110.000 dirhams par hectare, soit une am\u00e9lioration d\u2019environ 40% par rapport aux recettes actuelles, le tout dans le cadre de pratiques respectant les normes de l\u2019agriculture durable.<\/p>\n<p class=\"c4\">\u2013\u00a0Concernant les march\u00e9s d\u2019exportation, le document met l\u2019accent sur les perspectives en direction de l\u2019Europe \u00e0 l\u2019horizon de 2028, selon deux hypoth\u00e8ses. La premi\u00e8re cible 10 % du march\u00e9 du cannabis m\u00e9dical (4,2 milliards dollars sur un total de 42 et repr\u00e9sente un revenu agricole annuel d\u2019environ 420 millions de dollars).<\/p>\n<p class=\"c4\">\u2013 La seconde hypoth\u00e8se concerne 15% du march\u00e9 du cannabis m\u00e9dical cibl\u00e9, soit 6,3 milliards de dollars et des revenus agricoles de 630 millions de dollars, ce qui\u00a0permettra de d\u00e9passer le volume des revenus agricoles totaux actuels (environ 400 millions de dollars par an), d\u2019autant plus que ces revenus pr\u00e9vus ne tiennent pas compte des revenus de la culture et de la transformation du cannabis \u00e0 des fins industrielles.<\/p>\n<p class=\"c4\">\u2013\u00a0C\u00f4t\u00e9 l\u00e9gislation, les march\u00e9s prioritaires pour le cannabis m\u00e9dical marocain sont l\u2019Espagne, les Pays-Bas, le Royaume-Uni et l\u2019Allemagne, avec des pr\u00e9visions de 25 milliards de dollars\/an \u00e0 l\u2019horizon 2028.<\/p>\n<p class=\"c4\">\u2013\u00a0La prise en compte du potentiel des march\u00e9s fran\u00e7ais et italien renforcera le volume du march\u00e9 potentiel de 17 milliards de dollars, pour atteindre 42 milliards.<\/p>\n<p>Auteur: Soufiane ELAHMAR<br \/>\n<a href=\"http:\/\/www.mapoujda.ma\/fr\/principaux-points-des-etudes-relatives-au-developpement-du-cannabis\/\">Cliquez ici pour lire l&rsquo;article depuis sa source.<\/a><\/p>\n","protected":false},"excerpt":{"rendered":"<p>Voici les principaux points des \u00e9tudes\u00a0de faisabilit\u00e9 relatives au d\u00e9veloppement du cannabis,\u00a0\u00e9labor\u00e9es par le minist\u00e8re de l\u2019Int\u00e9rieur et dont la synth\u00e8se a \u00e9t\u00e9 pr\u00e9sent\u00e9e mardi devant la Commission de l\u2019Int\u00e9rieur, des collectivit\u00e9s territoriales et de la politique de la ville\u00a0\u00e0 la Chambre des repr\u00e9sentants: \u2013\u00a0Le nombre d\u2019habitants concern\u00e9s par la culture ill\u00e9gale du cannabis au [&hellip;]<\/p>\n","protected":false},"author":1788,"featured_media":0,"comment_status":"closed","ping_status":"closed","sticky":false,"template":"","format":"standard","meta":{"fifu_image_url":"","fifu_image_alt":"","footnotes":""},"categories":[54,76],"tags":[],"class_list":["post-116207","post","type-post","status-publish","format-standard","hentry","category-maroc","category-regions"],"_links":{"self":[{"href":"https:\/\/linitiative.ca\/International\/wp-json\/wp\/v2\/posts\/116207","targetHints":{"allow":["GET"]}}],"collection":[{"href":"https:\/\/linitiative.ca\/International\/wp-json\/wp\/v2\/posts"}],"about":[{"href":"https:\/\/linitiative.ca\/International\/wp-json\/wp\/v2\/types\/post"}],"author":[{"embeddable":true,"href":"https:\/\/linitiative.ca\/International\/wp-json\/wp\/v2\/users\/1788"}],"replies":[{"embeddable":true,"href":"https:\/\/linitiative.ca\/International\/wp-json\/wp\/v2\/comments?post=116207"}],"version-history":[{"count":0,"href":"https:\/\/linitiative.ca\/International\/wp-json\/wp\/v2\/posts\/116207\/revisions"}],"wp:attachment":[{"href":"https:\/\/linitiative.ca\/International\/wp-json\/wp\/v2\/media?parent=116207"}],"wp:term":[{"taxonomy":"category","embeddable":true,"href":"https:\/\/linitiative.ca\/International\/wp-json\/wp\/v2\/categories?post=116207"},{"taxonomy":"post_tag","embeddable":true,"href":"https:\/\/linitiative.ca\/International\/wp-json\/wp\/v2\/tags?post=116207"}],"curies":[{"name":"wp","href":"https:\/\/api.w.org\/{rel}","templated":true}]}}