{"id":116210,"date":"2021-05-05T09:35:04","date_gmt":"2021-05-05T13:35:04","guid":{"rendered":"https:\/\/linitiative.ca\/International\/le-dirham-prevu-en-hausse-face-au-dollar\/"},"modified":"2021-05-05T09:35:04","modified_gmt":"2021-05-05T13:35:04","slug":"le-dirham-prevu-en-hausse-face-au-dollar","status":"publish","type":"post","link":"https:\/\/linitiative.ca\/International\/le-dirham-prevu-en-hausse-face-au-dollar\/","title":{"rendered":"Le dirham pr\u00e9vu en hausse face au dollar"},"content":{"rendered":"<p class=\"rtejustify\">Le dirham devrait s&rsquo;appr\u00e9cier face au dollar de 0,1% au cours du prochain mois, avant de se d\u00e9pr\u00e9cier de 0,1% et 0,3% \u00e0 horizons 2 et 3 mois par rapport \u00e0 un niveau actuel de 8,92, pr\u00e9voit Attijari Global Research (AGR) dans sa note \u00ab\u00a0Weekly MAD Insights &#8211; currencies\u00a0\u00bb de la semaine du 26 au 30 avril.<\/p>\n<p class=\"rtejustify\">\u00ab\u00a0Tenant compte des conditions de liquidit\u00e9 sur le march\u00e9 des changes et des niveaux de spreads actuels, nous avons revu \u00e0 la baisse nos pr\u00e9visions d\u2019\u00e9volution de la parit\u00e9 USD\/MAD \u00e0 horizons 1, 2 et 3 mois. Ainsi, nous anticipons un l\u00e9ger mouvement d&rsquo;appr\u00e9ciation du MAD face au dollar au cours du mois prochain. Toutefois, cette tendance devrait s\u2019inverser \u00e0 horizon 2-3 mois\u00a0\u00bb, indique AGR. La parit\u00e9 USD\/MAD se situerait ainsi \u00e0 8,91, 8,92 et 8,94 \u00e0 horizons 1, 2 et 3 mois, contre une pr\u00e9vision initiale de 8,92, 8,94 et 8,95, pr\u00e9cise la m\u00eame source.<\/p>\n<p class=\"rtejustify\">En parall\u00e8le, la monnaie nationale devrait se stabiliser \u00e0 son niveau actuel face \u00e0 l&rsquo;euro au cours du prochain mois, avant de se d\u00e9pr\u00e9cier de 0,2% et 0,4% \u00e0 horizons 2 et 3 mois. Par cons\u00e9quent, la parit\u00e9 EUR\/MAD atteindrait 10,78, 10,80 et 10,82 contre une pr\u00e9vision initiale de 10,80, 10,82 et 10,83 sur les m\u00eames p\u00e9riodes et contre un cours actuel de 10,77.<\/p>\n<p class=\"rtejustify\">\u00a0<\/p>\n<p>Auteur: mbasraoui<br \/>\n<a href=\"https:\/\/www.leconomiste.com\/flash-infos\/le-dirham-prevu-en-hausse-face-au-dollar\">Cliquez ici pour lire l&rsquo;article depuis sa source.<\/a><\/p>\n","protected":false},"excerpt":{"rendered":"<p>Le dirham devrait s&rsquo;appr\u00e9cier face au dollar de 0,1% au cours du prochain mois, avant de se d\u00e9pr\u00e9cier de 0,1% et 0,3% \u00e0 horizons 2 et 3 mois par rapport \u00e0 un niveau actuel de 8,92, pr\u00e9voit Attijari Global Research (AGR) dans sa note \u00ab\u00a0Weekly MAD Insights &#8211; currencies\u00a0\u00bb de la semaine du 26 au [&hellip;]<\/p>\n","protected":false},"author":1763,"featured_media":0,"comment_status":"closed","ping_status":"closed","sticky":false,"template":"","format":"standard","meta":{"fifu_image_url":"","fifu_image_alt":"","footnotes":""},"categories":[78,54],"tags":[],"class_list":["post-116210","post","type-post","status-publish","format-standard","hentry","category-economie","category-maroc"],"_links":{"self":[{"href":"https:\/\/linitiative.ca\/International\/wp-json\/wp\/v2\/posts\/116210","targetHints":{"allow":["GET"]}}],"collection":[{"href":"https:\/\/linitiative.ca\/International\/wp-json\/wp\/v2\/posts"}],"about":[{"href":"https:\/\/linitiative.ca\/International\/wp-json\/wp\/v2\/types\/post"}],"author":[{"embeddable":true,"href":"https:\/\/linitiative.ca\/International\/wp-json\/wp\/v2\/users\/1763"}],"replies":[{"embeddable":true,"href":"https:\/\/linitiative.ca\/International\/wp-json\/wp\/v2\/comments?post=116210"}],"version-history":[{"count":0,"href":"https:\/\/linitiative.ca\/International\/wp-json\/wp\/v2\/posts\/116210\/revisions"}],"wp:attachment":[{"href":"https:\/\/linitiative.ca\/International\/wp-json\/wp\/v2\/media?parent=116210"}],"wp:term":[{"taxonomy":"category","embeddable":true,"href":"https:\/\/linitiative.ca\/International\/wp-json\/wp\/v2\/categories?post=116210"},{"taxonomy":"post_tag","embeddable":true,"href":"https:\/\/linitiative.ca\/International\/wp-json\/wp\/v2\/tags?post=116210"}],"curies":[{"name":"wp","href":"https:\/\/api.w.org\/{rel}","templated":true}]}}