{"id":116212,"date":"2021-05-05T10:41:31","date_gmt":"2021-05-05T14:41:31","guid":{"rendered":"https:\/\/linitiative.ca\/International\/upf-maroc-pres-de-300-femmes-journalistes-prennent-la-parole\/"},"modified":"2021-05-05T10:41:31","modified_gmt":"2021-05-05T14:41:31","slug":"upf-maroc-pres-de-300-femmes-journalistes-prennent-la-parole","status":"publish","type":"post","link":"https:\/\/linitiative.ca\/International\/upf-maroc-pres-de-300-femmes-journalistes-prennent-la-parole\/","title":{"rendered":"UPF Maroc : Pr\u00e8s de 300 femmes journalistes prennent la parole"},"content":{"rendered":"<p>L&rsquo;Union de la Presse Francophone Maroc (UPF Maroc) vient de finaliser une \u00e9tude portant sur pr\u00e8s de 300 femmes journalistes, tous m\u00e9dias confondus, dont les r\u00e9sultats seront d\u00e9voil\u00e9s le 26 mai.<\/p>\n<p>Qui sont-elles, que font-elles, quels sont leurs parcours, leurs rapports avec leurs confr\u00e8res et la hi\u00e9rarchie, les \u00e9voluions et les changements de carri\u00e8re, autant de questions auxquelles r\u00e9pond cette \u00e9tude lanc\u00e9e par l\u2019UPF Maroc avec le soutien du Service de coop\u00e9ration et d\u2019action culturelle de l\u2019ambassade de France au Maroc et qui porte sur un \u00e9chantillon de pr\u00e8s de 300 professionnelles, tous m\u00e9dias confondus, indique l\u2019UPF Maroc.<\/p>\n<p>Conduite par le cabinet VQ mandat\u00e9 par l\u2019UPF Maroc, cette \u00e9tude qualitative et quantitative a \u00e9t\u00e9 men\u00e9e aupr\u00e8s de 291 femmes journalistes pour les \u00e9couter, analyser leurs propos et enrichir les d\u00e9bats sur des questions relatives \u00e0 l\u2019exercice du m\u00e9tier et aux conditions de travail au prisme du genre. La partie quantitative de l\u2019\u00e9tude a \u00e9t\u00e9 r\u00e9alis\u00e9e sur la base de questionnaires administr\u00e9s par t\u00e9l\u00e9phone et le taux de r\u00e9ponse effective est de 75 %, ce qui constitue un retour tr\u00e8s satisfaisant, indique la m\u00eame source, faisant le constat que les femmes journalistes ont fait preuve d\u2019une collaboration active \u00e0 l\u2019enqu\u00eate.<\/p>\n<p>Sur la partie qualitative, des focus groupes ont \u00e9t\u00e9 organis\u00e9s entre le 26 f\u00e9vrier et le 4 mars dernier \u00e0 Casablanca, en pr\u00e9sentiel dans le respect des mesures sanitaires et ont fait l\u2019objet d\u2019enregistrements audio. Les discussions ont \u00e9t\u00e9 int\u00e9gralement retranscrites pour les besoins du d\u00e9pouillement th\u00e9matique et du traitement des r\u00e9sultats, afin de structurer le rapport d\u2019analyse. Les r\u00e9sultats r\u00e9v\u00e8leront des donn\u00e9es importantes sur le parcours professionnel des femmes journalistes, la place qu\u2019elles occupent dans la profession, leur statut et leurs conditions de travail par rapport \u00e0 leurs confr\u00e8res hommes.<\/p>\n<p>Pour la premi\u00e8re fois, indique le communiqu\u00e9, les femmes journalistes s\u2019expriment sur ce m\u00e9tier qu\u2019elles ont choisi ainsi que sur les pistes d\u2019am\u00e9lioration pour davantage de pr\u00e9sence dans le secteur et dans le Top management des entreprises de presse.<\/p>\n<p>Auteur: mbasraoui<br \/>\n<a href=\"https:\/\/www.leconomiste.com\/flash-infos\/upf-maroc-pres-de-300-femmes-journalistes-prennent-la-parole\">Cliquez ici pour lire l&rsquo;article depuis sa source.<\/a><\/p>\n","protected":false},"excerpt":{"rendered":"<p>L&rsquo;Union de la Presse Francophone Maroc (UPF Maroc) vient de finaliser une \u00e9tude portant sur pr\u00e8s de 300 femmes journalistes, tous m\u00e9dias confondus, dont les r\u00e9sultats seront d\u00e9voil\u00e9s le 26 mai. Qui sont-elles, que font-elles, quels sont leurs parcours, leurs rapports avec leurs confr\u00e8res et la hi\u00e9rarchie, les \u00e9voluions et les changements de carri\u00e8re, autant [&hellip;]<\/p>\n","protected":false},"author":1763,"featured_media":0,"comment_status":"closed","ping_status":"closed","sticky":false,"template":"","format":"standard","meta":{"fifu_image_url":"","fifu_image_alt":"","footnotes":""},"categories":[78,54],"tags":[],"class_list":["post-116212","post","type-post","status-publish","format-standard","hentry","category-economie","category-maroc"],"_links":{"self":[{"href":"https:\/\/linitiative.ca\/International\/wp-json\/wp\/v2\/posts\/116212","targetHints":{"allow":["GET"]}}],"collection":[{"href":"https:\/\/linitiative.ca\/International\/wp-json\/wp\/v2\/posts"}],"about":[{"href":"https:\/\/linitiative.ca\/International\/wp-json\/wp\/v2\/types\/post"}],"author":[{"embeddable":true,"href":"https:\/\/linitiative.ca\/International\/wp-json\/wp\/v2\/users\/1763"}],"replies":[{"embeddable":true,"href":"https:\/\/linitiative.ca\/International\/wp-json\/wp\/v2\/comments?post=116212"}],"version-history":[{"count":0,"href":"https:\/\/linitiative.ca\/International\/wp-json\/wp\/v2\/posts\/116212\/revisions"}],"wp:attachment":[{"href":"https:\/\/linitiative.ca\/International\/wp-json\/wp\/v2\/media?parent=116212"}],"wp:term":[{"taxonomy":"category","embeddable":true,"href":"https:\/\/linitiative.ca\/International\/wp-json\/wp\/v2\/categories?post=116212"},{"taxonomy":"post_tag","embeddable":true,"href":"https:\/\/linitiative.ca\/International\/wp-json\/wp\/v2\/tags?post=116212"}],"curies":[{"name":"wp","href":"https:\/\/api.w.org\/{rel}","templated":true}]}}