{"id":116213,"date":"2021-05-05T12:10:58","date_gmt":"2021-05-05T16:10:58","guid":{"rendered":"https:\/\/linitiative.ca\/International\/covid-pres-de-77-000-nouvelles-vaccinations\/"},"modified":"2021-05-05T12:10:58","modified_gmt":"2021-05-05T16:10:58","slug":"covid-pres-de-77-000-nouvelles-vaccinations","status":"publish","type":"post","link":"https:\/\/linitiative.ca\/International\/covid-pres-de-77-000-nouvelles-vaccinations\/","title":{"rendered":"Covid: Pr\u00e8s de 77.000 nouvelles vaccinations"},"content":{"rendered":"<p>Un total de <strong>371<\/strong> nouveaux cas d&rsquo;infection au coronavirus et de <strong>402<\/strong>\u00a0gu\u00e9risons a \u00e9t\u00e9 enregistr\u00e9 au Maroc au cours des derni\u00e8res 24 heures, a annonc\u00e9 mercredi le minist\u00e8re de la Sant\u00e9. Le nombre des personnes vaccin\u00e9es \u00e0 ce jour (1\u00e8re dose) a atteint <strong>5.231.766<\/strong>, indique le minist\u00e8re dans son bulletin quotidien sur la situation de la Covid-19, relevant que les personnes qui ont \u00e9t\u00e9 compl\u00e8tement vaccin\u00e9es (1\u00e8re et 2\u00e8me doses) sont au nombre de <strong>4.326.873<\/strong>. Pr\u00e8s de 77.000 nouvelles doses ont \u00e9t\u00e9 inject\u00e9es en 24H.<\/p>\n<p>Ce nouveau bilan porte \u00e0 <strong>512.656<\/strong>\u00a0le nombre total des contaminations depuis le premier cas signal\u00e9 en mars 2020, tandis que le nombre des personnes r\u00e9tablies est pass\u00e9 \u00e0 <strong>499.491<\/strong>, soit un taux de gu\u00e9rison de 97,4%, pr\u00e9cise le minist\u00e8re. Quant au nombre total des d\u00e9c\u00e8s, il est pass\u00e9 \u00e0\u00a0<strong>9.043<\/strong> avec <strong>5<\/strong> nouveaux cas recens\u00e9s en 24 heures, soit un taux de l\u00e9talit\u00e9 de 1,8%. Le nombre des cas actifs s&rsquo;\u00e9l\u00e8ve \u00e0 <strong>4.122<\/strong>, tandis que les cas s\u00e9v\u00e8res ou critiques sont au nombre de <strong>300<\/strong>, dont <strong>18<\/strong> plac\u00e9s sous intubation.<\/p>\n<blockquote readability=\"4.8125\">\n<p><strong>Pour plus de d\u00e9tails, voir l&rsquo;\u00e9volution en temps r\u00e9el de l&rsquo;\u00e9pid\u00e9mie sur <a href=\"https:\/\/www.leconomiste.com\/covid19\">https:\/\/www.leconomiste.com\/covid19<\/a><\/strong>\/<\/p>\n<\/blockquote>\n<p>Auteur: hgueye<br \/>\n<a href=\"https:\/\/www.leconomiste.com\/flash-infos\/covid-millions-de-personnes-vaccinees-0\">Cliquez ici pour lire l&rsquo;article depuis sa source.<\/a><\/p>\n","protected":false},"excerpt":{"rendered":"<p>Un total de 371 nouveaux cas d&rsquo;infection au coronavirus et de 402\u00a0gu\u00e9risons a \u00e9t\u00e9 enregistr\u00e9 au Maroc au cours des derni\u00e8res 24 heures, a annonc\u00e9 mercredi le minist\u00e8re de la Sant\u00e9. Le nombre des personnes vaccin\u00e9es \u00e0 ce jour (1\u00e8re dose) a atteint 5.231.766, indique le minist\u00e8re dans son bulletin quotidien sur la situation de [&hellip;]<\/p>\n","protected":false},"author":1763,"featured_media":0,"comment_status":"closed","ping_status":"closed","sticky":false,"template":"","format":"standard","meta":{"fifu_image_url":"","fifu_image_alt":"","footnotes":""},"categories":[78,54],"tags":[],"class_list":["post-116213","post","type-post","status-publish","format-standard","hentry","category-economie","category-maroc"],"_links":{"self":[{"href":"https:\/\/linitiative.ca\/International\/wp-json\/wp\/v2\/posts\/116213","targetHints":{"allow":["GET"]}}],"collection":[{"href":"https:\/\/linitiative.ca\/International\/wp-json\/wp\/v2\/posts"}],"about":[{"href":"https:\/\/linitiative.ca\/International\/wp-json\/wp\/v2\/types\/post"}],"author":[{"embeddable":true,"href":"https:\/\/linitiative.ca\/International\/wp-json\/wp\/v2\/users\/1763"}],"replies":[{"embeddable":true,"href":"https:\/\/linitiative.ca\/International\/wp-json\/wp\/v2\/comments?post=116213"}],"version-history":[{"count":0,"href":"https:\/\/linitiative.ca\/International\/wp-json\/wp\/v2\/posts\/116213\/revisions"}],"wp:attachment":[{"href":"https:\/\/linitiative.ca\/International\/wp-json\/wp\/v2\/media?parent=116213"}],"wp:term":[{"taxonomy":"category","embeddable":true,"href":"https:\/\/linitiative.ca\/International\/wp-json\/wp\/v2\/categories?post=116213"},{"taxonomy":"post_tag","embeddable":true,"href":"https:\/\/linitiative.ca\/International\/wp-json\/wp\/v2\/tags?post=116213"}],"curies":[{"name":"wp","href":"https:\/\/api.w.org\/{rel}","templated":true}]}}